{"id":10003,"date":"2021-01-13T11:56:32","date_gmt":"2021-01-13T17:56:32","guid":{"rendered":"https:\/\/encuentroinformativo.com.mx\/?p=10003"},"modified":"2021-01-13T11:57:38","modified_gmt":"2021-01-13T17:57:38","slug":"incremento-cmas-tarifas-en-coatepec","status":"publish","type":"post","link":"https:\/\/encuentroinformativo.com.mx\/?p=10003","title":{"rendered":"Increment\u00f3 CMAS tarifas en Coatepec"},"content":{"rendered":"\n<p><strong>Juan Arcos <\/strong><\/p>\n\n\n\n<p>Coatepec, Ver.- Cinco por ciento increment\u00f3 sus tarifas la Comisi\u00f3n Municipal de Agua y Saneamiento (CMAS) en el municipio de Coatepec.<\/p>\n\n\n\n<p>De acuerdo con el regidor tercero del Pueblo M\u00e1gico, Jorge Ignacio Luna Hern\u00e1ndez, esto ya fue publicado en la Gaceta Oficial del Estado de Veracruz y comenz\u00f3 a aplicarse a partir de este a\u00f1o 2021.<\/p>\n\n\n\n<p>Adem\u00e1s, indic\u00f3 que esta disposici\u00f3n no fue debatida y aprobada por el Cabildo de Coatepec, toda vez que CMAS es un organismo aut\u00f3nomo.<\/p>\n\n\n\n<p>En la Gaceta se establece que se han realizado esfuerzos para brindar un servicio de manera eficiente, tanto t\u00e9cnico como administrativo.<\/p>\n\n\n\n<p>&#8220;Se considera un ajuste del cinco por ciento como indexaci\u00f3n general de las tarifas y\/o cuotas por los servicios prestados para el municipio de Coatepec y sus comunidades que dependen del sistema con validez a partir del 01 de enero 2021&#8221;, se lee.<\/p>\n\n\n\n<p>La tarifa se establece de la siguiente manera: para el sector popular es de 60.73 pesos; inter\u00e9s social, 88.89; medio urbano, 131.31; urbano, 225.38; comercial bajo, 251.38; medio, 291.03; alto, 515.47; industrial, 671.03 y para instituciones p\u00fablicas de 185.21 pesos.<\/p>\n\n\n\n<p>Cabe recordar que el subdirector operativo de CMAS, Enrique Fern\u00e1ndez Hern\u00e1ndez, declar\u00f3 recientemente que, a causa de la pandemia, el a\u00f1o pasado increment\u00f3 40 por ciento la cartera vencida, debido a que muchos usuarios dejaron de pagar el servicio, tras la p\u00e9rdida de su empleo.<\/p>\n\n\n\n<p>Pese a lo anterior, los directivos decidieron incrementar las tarifas para solventar las finanzas de la Comisi\u00f3n Municipal de Agua y Saneamiento de Coatepec.<\/p>\n","protected":false},"excerpt":{"rendered":"<p>Juan Arcos Coatepec, Ver.- Cinco por ciento increment\u00f3 sus tarifas la Comisi\u00f3n Municipal de Agua y Saneamiento (CMAS) en el municipio de Coatepec. De acuerdo con el regidor tercero del Pueblo M\u00e1gico, Jorge Ignacio Luna Hern\u00e1ndez, esto ya fue publicado en la Gaceta Oficial del Estado de Veracruz y comenz\u00f3 a aplicarse a partir de [&hellip;]<\/p>\n","protected":false},"author":1,"featured_media":10006,"comment_status":"open","ping_status":"open","sticky":false,"template":"","format":"standard","meta":{"_jetpack_memberships_contains_paid_content":false,"footnotes":""},"categories":[8],"tags":[],"class_list":["post-10003","post","type-post","status-publish","format-standard","has-post-thumbnail","hentry","category-region"],"jetpack_featured_media_url":"https:\/\/encuentroinformativo.com.mx\/wp-content\/uploads\/2021\/01\/836E4999-BD3E-48FB-A548-7E2735A26929.jpeg","jetpack_sharing_enabled":true,"jetpack_likes_enabled":true,"amp_enabled":true,"_links":{"self":[{"href":"https:\/\/encuentroinformativo.com.mx\/index.php?rest_route=\/wp\/v2\/posts\/10003","targetHints":{"allow":["GET"]}}],"collection":[{"href":"https:\/\/encuentroinformativo.com.mx\/index.php?rest_route=\/wp\/v2\/posts"}],"about":[{"href":"https:\/\/encuentroinformativo.com.mx\/index.php?rest_route=\/wp\/v2\/types\/post"}],"author":[{"embeddable":true,"href":"https:\/\/encuentroinformativo.com.mx\/index.php?rest_route=\/wp\/v2\/users\/1"}],"replies":[{"embeddable":true,"href":"https:\/\/encuentroinformativo.com.mx\/index.php?rest_route=%2Fwp%2Fv2%2Fcomments&post=10003"}],"version-history":[{"count":1,"href":"https:\/\/encuentroinformativo.com.mx\/index.php?rest_route=\/wp\/v2\/posts\/10003\/revisions"}],"predecessor-version":[{"id":10005,"href":"https:\/\/encuentroinformativo.com.mx\/index.php?rest_route=\/wp\/v2\/posts\/10003\/revisions\/10005"}],"wp:featuredmedia":[{"embeddable":true,"href":"https:\/\/encuentroinformativo.com.mx\/index.php?rest_route=\/wp\/v2\/media\/10006"}],"wp:attachment":[{"href":"https:\/\/encuentroinformativo.com.mx\/index.php?rest_route=%2Fwp%2Fv2%2Fmedia&parent=10003"}],"wp:term":[{"taxonomy":"category","embeddable":true,"href":"https:\/\/encuentroinformativo.com.mx\/index.php?rest_route=%2Fwp%2Fv2%2Fcategories&post=10003"},{"taxonomy":"post_tag","embeddable":true,"href":"https:\/\/encuentroinformativo.com.mx\/index.php?rest_route=%2Fwp%2Fv2%2Ftags&post=10003"}],"curies":[{"name":"wp","href":"https:\/\/api.w.org\/{rel}","templated":true}]}}