{"id":10007,"date":"2021-01-13T12:12:54","date_gmt":"2021-01-13T18:12:54","guid":{"rendered":"https:\/\/encuentroinformativo.com.mx\/?p=10007"},"modified":"2021-01-13T12:12:56","modified_gmt":"2021-01-13T18:12:56","slug":"sin-fecha-para-vacunar-a-personal-de-hospital-civil","status":"publish","type":"post","link":"https:\/\/encuentroinformativo.com.mx\/?p=10007","title":{"rendered":"Sin fecha para vacunar a personal de Hospital Civil"},"content":{"rendered":"\n<p><strong>Dar\u00edo Pale <\/strong><\/p>\n\n\n\n<p>Xalapa, Ver.- En el Hospital civil de Xalapa &#8220;Dr. Luis F. Nachon&#8221;, a\u00fan no tienen fecha para que le apliquen la vacuna al personal pese a que el 80 por ciento de ellos ya ha sido contagiado algunos ya se recuperaron pero algunos otros aun est\u00e1n convalecientes y otros lamentablemente fallecieron.<\/p>\n\n\n\n<p>Personal que labora en dicho hospital dieron a conocer de forma an\u00f3nima por temor a represalias que no saben cu\u00e1ndo ser\u00e1n vacunados ya que tambi\u00e9n est\u00e1n expuestos a contraer el COVID-19 ya que constantemente llegan personas enfermas por lo que est\u00e1n expuestos a poder contagiarse de esta pandemia.<\/p>\n\n\n\n<p>Por \u00faltimo dieron a conocer que varios trabajadores de distintas \u00e1reas lamentablemente ya perdieron la vida al ser contagiados por este virus pese a que se toman todas las medidas sanitarias en el hospital, por lo que temen que al no recibir la vacuna mucho de ellos podr\u00edan ser infectados e incluso perder la vida.<\/p>\n","protected":false},"excerpt":{"rendered":"<p>Dar\u00edo Pale Xalapa, Ver.- En el Hospital civil de Xalapa &#8220;Dr. Luis F. Nachon&#8221;, a\u00fan no tienen fecha para que le apliquen la vacuna al personal pese a que el 80 por ciento de ellos ya ha sido contagiado algunos ya se recuperaron pero algunos otros aun est\u00e1n convalecientes y otros lamentablemente fallecieron. Personal que [&hellip;]<\/p>\n","protected":false},"author":1,"featured_media":4463,"comment_status":"open","ping_status":"open","sticky":false,"template":"","format":"standard","meta":{"_jetpack_memberships_contains_paid_content":false,"footnotes":""},"categories":[9],"tags":[],"class_list":["post-10007","post","type-post","status-publish","format-standard","has-post-thumbnail","hentry","category-salud"],"jetpack_featured_media_url":"https:\/\/encuentroinformativo.com.mx\/wp-content\/uploads\/2020\/07\/A5558AD9-4429-494F-BBFA-88E7FBD84944.jpeg","jetpack_sharing_enabled":true,"jetpack_likes_enabled":true,"amp_enabled":true,"_links":{"self":[{"href":"https:\/\/encuentroinformativo.com.mx\/index.php?rest_route=\/wp\/v2\/posts\/10007","targetHints":{"allow":["GET"]}}],"collection":[{"href":"https:\/\/encuentroinformativo.com.mx\/index.php?rest_route=\/wp\/v2\/posts"}],"about":[{"href":"https:\/\/encuentroinformativo.com.mx\/index.php?rest_route=\/wp\/v2\/types\/post"}],"author":[{"embeddable":true,"href":"https:\/\/encuentroinformativo.com.mx\/index.php?rest_route=\/wp\/v2\/users\/1"}],"replies":[{"embeddable":true,"href":"https:\/\/encuentroinformativo.com.mx\/index.php?rest_route=%2Fwp%2Fv2%2Fcomments&post=10007"}],"version-history":[{"count":1,"href":"https:\/\/encuentroinformativo.com.mx\/index.php?rest_route=\/wp\/v2\/posts\/10007\/revisions"}],"predecessor-version":[{"id":10008,"href":"https:\/\/encuentroinformativo.com.mx\/index.php?rest_route=\/wp\/v2\/posts\/10007\/revisions\/10008"}],"wp:featuredmedia":[{"embeddable":true,"href":"https:\/\/encuentroinformativo.com.mx\/index.php?rest_route=\/wp\/v2\/media\/4463"}],"wp:attachment":[{"href":"https:\/\/encuentroinformativo.com.mx\/index.php?rest_route=%2Fwp%2Fv2%2Fmedia&parent=10007"}],"wp:term":[{"taxonomy":"category","embeddable":true,"href":"https:\/\/encuentroinformativo.com.mx\/index.php?rest_route=%2Fwp%2Fv2%2Fcategories&post=10007"},{"taxonomy":"post_tag","embeddable":true,"href":"https:\/\/encuentroinformativo.com.mx\/index.php?rest_route=%2Fwp%2Fv2%2Ftags&post=10007"}],"curies":[{"name":"wp","href":"https:\/\/api.w.org\/{rel}","templated":true}]}}