{"id":10013,"date":"2021-01-13T13:37:33","date_gmt":"2021-01-13T19:37:33","guid":{"rendered":"https:\/\/encuentroinformativo.com.mx\/?p=10013"},"modified":"2021-01-13T13:37:36","modified_gmt":"2021-01-13T19:37:36","slug":"rechazan-empresarios-alerta-preventiva-no-disminuye-contagios-acusan","status":"publish","type":"post","link":"https:\/\/encuentroinformativo.com.mx\/?p=10013","title":{"rendered":"Rechazan empresarios Alerta Preventiva; no disminuye contagios, acusan"},"content":{"rendered":"\n<p><strong>Juan Arcos<\/strong> <\/p>\n\n\n\n<p>Xalapa, Ver.- Empresarios se pronunciaron en contra de la alerta preventiva que establece nuevas restricciones de movilidad en 12 municipios con m\u00e1s casos de SARS-COV-2 (COVID-19).<\/p>\n\n\n\n<p>As\u00ed lo dio a conocer el presidente de la C\u00e1mara Nacional de la Industria de Transformaci\u00f3n (Canacintra) en Xalapa, Alejandro de la Madrid Trueba, quien a\u00f1adi\u00f3 que dicha medida no es una estrategia positiva para frenar la propagaci\u00f3n de la enfermedad.<\/p>\n\n\n\n<p>\u201cSe pretende regular o reducir la movilidad de las personas, la presencia de transe\u00fantes, aglomeraciones, en los centros hist\u00f3ricos de las principales cabeceras, las que est\u00e1n m\u00e1s afectadas\u201d.<\/p>\n\n\n\n<p>El entrevistado indic\u00f3 que dicha situaci\u00f3n genera p\u00e9rdidas econ\u00f3micas al comercio formal, mismo que ya se ha visto severamente afectado desde el a\u00f1o pasado por la contingencia sanitaria.<\/p>\n\n\n\n<p>\u201cSe afecta prioritariamente al sector formal, se pretende realizar estos filtros que tienen como objetivo reducir la movilidad en los centros hist\u00f3ricos, que al final es una medida m\u00e1s que toma el Gobierno del Estado, que se debe reconocer pero que no es suficiente\u201d.<\/p>\n\n\n\n<p>El l\u00edder empresarial se\u00f1al\u00f3 que en la entidad se necesitan estrategias sanitarias y acciones reales de incidencia como pruebas de detecci\u00f3n, plan de vacunaci\u00f3n, abasto de medicamentos y mejoramiento de la infraestructura hospitalaria.<\/p>\n\n\n\n<p>Confirm\u00f3 que en redes sociales ha circulado un comunicado de diversas c\u00e1maras empresariales donde externan su inconformidad sobre dichas medidas implementadas por el gobierno estatal.<\/p>\n\n\n\n<p>\u201cLas restricciones de movilidad no reducen el contagio, la gente siempre busca llegar a los sitios que desean llegar con o sin veh\u00edculo, lamentablemente\u201d.\u00a0<\/p>\n\n\n\n<p>De la Madrid Trueba indic\u00f3 que otra de las peticiones del sector empresarial es que los tres niveles de gobierno apliquen sanciones a quienes se nieguen al uso del cubrebocas.<\/p>\n","protected":false},"excerpt":{"rendered":"<p>Juan Arcos Xalapa, Ver.- Empresarios se pronunciaron en contra de la alerta preventiva que establece nuevas restricciones de movilidad en 12 municipios con m\u00e1s casos de SARS-COV-2 (COVID-19). As\u00ed lo dio a conocer el presidente de la C\u00e1mara Nacional de la Industria de Transformaci\u00f3n (Canacintra) en Xalapa, Alejandro de la Madrid Trueba, quien a\u00f1adi\u00f3 que [&hellip;]<\/p>\n","protected":false},"author":1,"featured_media":10014,"comment_status":"open","ping_status":"open","sticky":false,"template":"","format":"standard","meta":{"_jetpack_memberships_contains_paid_content":false,"footnotes":""},"categories":[3],"tags":[],"class_list":["post-10013","post","type-post","status-publish","format-standard","has-post-thumbnail","hentry","category-xalapa"],"jetpack_featured_media_url":"https:\/\/encuentroinformativo.com.mx\/wp-content\/uploads\/2021\/01\/ED353FDD-259E-4E0C-B516-4006B10B8A79.jpeg","jetpack_sharing_enabled":true,"jetpack_likes_enabled":true,"amp_enabled":true,"_links":{"self":[{"href":"https:\/\/encuentroinformativo.com.mx\/index.php?rest_route=\/wp\/v2\/posts\/10013","targetHints":{"allow":["GET"]}}],"collection":[{"href":"https:\/\/encuentroinformativo.com.mx\/index.php?rest_route=\/wp\/v2\/posts"}],"about":[{"href":"https:\/\/encuentroinformativo.com.mx\/index.php?rest_route=\/wp\/v2\/types\/post"}],"author":[{"embeddable":true,"href":"https:\/\/encuentroinformativo.com.mx\/index.php?rest_route=\/wp\/v2\/users\/1"}],"replies":[{"embeddable":true,"href":"https:\/\/encuentroinformativo.com.mx\/index.php?rest_route=%2Fwp%2Fv2%2Fcomments&post=10013"}],"version-history":[{"count":1,"href":"https:\/\/encuentroinformativo.com.mx\/index.php?rest_route=\/wp\/v2\/posts\/10013\/revisions"}],"predecessor-version":[{"id":10015,"href":"https:\/\/encuentroinformativo.com.mx\/index.php?rest_route=\/wp\/v2\/posts\/10013\/revisions\/10015"}],"wp:featuredmedia":[{"embeddable":true,"href":"https:\/\/encuentroinformativo.com.mx\/index.php?rest_route=\/wp\/v2\/media\/10014"}],"wp:attachment":[{"href":"https:\/\/encuentroinformativo.com.mx\/index.php?rest_route=%2Fwp%2Fv2%2Fmedia&parent=10013"}],"wp:term":[{"taxonomy":"category","embeddable":true,"href":"https:\/\/encuentroinformativo.com.mx\/index.php?rest_route=%2Fwp%2Fv2%2Fcategories&post=10013"},{"taxonomy":"post_tag","embeddable":true,"href":"https:\/\/encuentroinformativo.com.mx\/index.php?rest_route=%2Fwp%2Fv2%2Ftags&post=10013"}],"curies":[{"name":"wp","href":"https:\/\/api.w.org\/{rel}","templated":true}]}}