{"id":10020,"date":"2021-01-13T14:29:47","date_gmt":"2021-01-13T20:29:47","guid":{"rendered":"https:\/\/encuentroinformativo.com.mx\/?p=10020"},"modified":"2021-01-13T14:29:49","modified_gmt":"2021-01-13T20:29:49","slug":"realizan-operativo-previo-al-cierre-de-vialidades","status":"publish","type":"post","link":"https:\/\/encuentroinformativo.com.mx\/?p=10020","title":{"rendered":"Realizan operativo previo al cierre de vialidades"},"content":{"rendered":"\n<p><strong>Dar\u00edo Pale <\/strong><\/p>\n\n\n\n<p>Xalapa, Ver.- Elementos de la delegaci\u00f3n de Transporte P\u00fablico de la delegaci\u00f3n Xalapa este d\u00eda redujeron la movilidad al igual que repartieron gel antibacterial y cubrebocas en diferentes puntos de la capital, ya que a\u00a0partir de \u00e9ste jueves 14 y hasta el 17 de de enero se aplicar\u00e1n la \u201cAlerta Preventiva\u201d en Xalapa para disminuir los contagios del virus SARS- COV-2.<\/p>\n\n\n\n<p>Es por ello, que la delegaci\u00f3n de transporte p\u00fablico del estado acudi\u00f3 al primer cuadro de la ciudad y otras calles para poder iniciar con un operativo previo al cierre de vialidades, adem\u00e1s, han hecho un llamado y concientizaci\u00f3n para el uso del cubre bocas y gel antibacterial.<\/p>\n\n\n\n<p>Cabe mencionar que el cierre de las vialidades se dar\u00e1 el jueves 14 en punto de las 07:00 horas y hasta las 18:00, las\u00a0calles que permanecer\u00e1n cerradas para disminuir la movilidad\u00a0-Zamora y Rojano -\u00c1vila Camacho y Sayago -\u00c1vila Camacho y Victoria -Xalape\u00f1os Ilustres y Arteaga-Zamora y Mata -Zaragoza y Primo Verdad.-Sayago y Azueta.-Clavijero y Sayago.-Lucio y Poeta.-20 de noviembre y Lucio.-Clavijero y Poeta.-Clavijero y Altamirano.-Las trancas en la entrada de Bugambilias.-Atenas veracruzana y Avenida M\u00e9xico.-Las Trancas -El Olmo.-Atenas veracruzana y Bartolom\u00e9 de las casas.<\/p>\n\n\n\n<p>Tambi\u00e9n\u00a0el d\u00eda de hoy\u00a0 elementos de la Direcci\u00f3n General de Transporte del Estado en Banderilla contin\u00faan con la entrega de cubrebocas, gel antibacterial a los conductores del servicio publico en la modalidad de Urbano, Suburbano y taxis, asi mismo a los usuarios, esto en la cabecera municipal de Banderilla.<\/p>\n\n\n\n<p>De igual forma en las demarcaciones de Jilotepec, Coacoatzintla, Naolinco y Rafael Lucio, para el combate frontal contra el coronavirus (Covid 19),por lo que el dia de ma\u00f1ana se continuara con la entrega de gel antibacterial y cubrebocas en los filtros instalados de manera itinerante en las demarcaciones antes mencionadas, sumandose a estas tareas Proteccion Civil y polic\u00eda Municipal Preventiva de Banderilla.<\/p>\n\n\n\n<figure class=\"wp-block-image size-large\"><img loading=\"lazy\" decoding=\"async\" width=\"720\" height=\"881\" src=\"https:\/\/encuentroinformativo.com.mx\/wp-content\/uploads\/2021\/01\/6E19CCE6-6752-4749-ABF3-0CF373F6BAE2.jpeg\" alt=\"\" class=\"wp-image-10022\" srcset=\"https:\/\/encuentroinformativo.com.mx\/wp-content\/uploads\/2021\/01\/6E19CCE6-6752-4749-ABF3-0CF373F6BAE2.jpeg 720w, https:\/\/encuentroinformativo.com.mx\/wp-content\/uploads\/2021\/01\/6E19CCE6-6752-4749-ABF3-0CF373F6BAE2-245x300.jpeg 245w\" sizes=\"auto, (max-width: 720px) 100vw, 720px\" \/><\/figure>\n","protected":false},"excerpt":{"rendered":"<p>Dar\u00edo Pale Xalapa, Ver.- Elementos de la delegaci\u00f3n de Transporte P\u00fablico de la delegaci\u00f3n Xalapa este d\u00eda redujeron la movilidad al igual que repartieron gel antibacterial y cubrebocas en diferentes puntos de la capital, ya que a\u00a0partir de \u00e9ste jueves 14 y hasta el 17 de de enero se aplicar\u00e1n la \u201cAlerta Preventiva\u201d en Xalapa [&hellip;]<\/p>\n","protected":false},"author":1,"featured_media":10021,"comment_status":"open","ping_status":"open","sticky":false,"template":"","format":"standard","meta":{"_jetpack_memberships_contains_paid_content":false,"footnotes":""},"categories":[3],"tags":[],"class_list":["post-10020","post","type-post","status-publish","format-standard","has-post-thumbnail","hentry","category-xalapa"],"jetpack_featured_media_url":"https:\/\/encuentroinformativo.com.mx\/wp-content\/uploads\/2021\/01\/63B633DB-A694-4B17-9F28-E2B1F6530EED.jpeg","jetpack_sharing_enabled":true,"jetpack_likes_enabled":true,"amp_enabled":true,"_links":{"self":[{"href":"https:\/\/encuentroinformativo.com.mx\/index.php?rest_route=\/wp\/v2\/posts\/10020","targetHints":{"allow":["GET"]}}],"collection":[{"href":"https:\/\/encuentroinformativo.com.mx\/index.php?rest_route=\/wp\/v2\/posts"}],"about":[{"href":"https:\/\/encuentroinformativo.com.mx\/index.php?rest_route=\/wp\/v2\/types\/post"}],"author":[{"embeddable":true,"href":"https:\/\/encuentroinformativo.com.mx\/index.php?rest_route=\/wp\/v2\/users\/1"}],"replies":[{"embeddable":true,"href":"https:\/\/encuentroinformativo.com.mx\/index.php?rest_route=%2Fwp%2Fv2%2Fcomments&post=10020"}],"version-history":[{"count":1,"href":"https:\/\/encuentroinformativo.com.mx\/index.php?rest_route=\/wp\/v2\/posts\/10020\/revisions"}],"predecessor-version":[{"id":10023,"href":"https:\/\/encuentroinformativo.com.mx\/index.php?rest_route=\/wp\/v2\/posts\/10020\/revisions\/10023"}],"wp:featuredmedia":[{"embeddable":true,"href":"https:\/\/encuentroinformativo.com.mx\/index.php?rest_route=\/wp\/v2\/media\/10021"}],"wp:attachment":[{"href":"https:\/\/encuentroinformativo.com.mx\/index.php?rest_route=%2Fwp%2Fv2%2Fmedia&parent=10020"}],"wp:term":[{"taxonomy":"category","embeddable":true,"href":"https:\/\/encuentroinformativo.com.mx\/index.php?rest_route=%2Fwp%2Fv2%2Fcategories&post=10020"},{"taxonomy":"post_tag","embeddable":true,"href":"https:\/\/encuentroinformativo.com.mx\/index.php?rest_route=%2Fwp%2Fv2%2Ftags&post=10020"}],"curies":[{"name":"wp","href":"https:\/\/api.w.org\/{rel}","templated":true}]}}