{"id":10027,"date":"2021-01-13T15:13:07","date_gmt":"2021-01-13T21:13:07","guid":{"rendered":"https:\/\/encuentroinformativo.com.mx\/?p=10027"},"modified":"2021-01-13T15:13:10","modified_gmt":"2021-01-13T21:13:10","slug":"veracruz-tercer-lugar-nacional-de-muertes-de-personal-de-salud","status":"publish","type":"post","link":"https:\/\/encuentroinformativo.com.mx\/?p=10027","title":{"rendered":"Veracruz, tercer lugar nacional de muertes de personal de Salud"},"content":{"rendered":"\n<p><strong>Alejandro \u00c1vila<\/strong><\/p>\n\n\n\n<p>Veracruz, Ver.- Al corte del 4 de enero del 2021 por parte de la Secretar\u00eda de Salud Federal, el Estado de Veracruz ocupa el tercer lugar a nivel nacional de personal de salud que ha fallecido a causas de COVID &#8211; 19.<\/p>\n\n\n\n<p>En estos momentos, se detalla en la informaci\u00f3n de la Secretar\u00eda de Salud Federal, la entidad veracruzana cuenta con 67 casos&nbsp; de personal de salud contagiados de coronavirus.<\/p>\n\n\n\n<p>De esta manera, Veracruz ocupa el lugar 19 de los 32 Estados de la Rep\u00fablica Mexicana; siendo las mujeres las que m\u00e1s se han contagiado.<\/p>\n\n\n\n<p>De acuerdo con el Centro para el Control y Prevenciones de Enfermedades, en la evidencia de los ensayos cl\u00ednicos, la vacuna de Pfizer-BioNTech registr\u00f3 una efectividad del 95 por ciento en la prevenci\u00f3n de casos de COVID-19 confirmados en laboratorio, esto en personas sin evidencia de infecciones previas.<\/p>\n\n\n\n<p>Los ensayos cl\u00ednicos de la fase 2 y la fase 3 para la vacuna de Pfizer-BioNTech, incluyeron personas de las siguientes categor\u00edas raciales y \u00e9tnicas: 81,9 % blancas, 26,2 % hispanas\/latinas, 9,8 % afroamericanas, 4,4 % asi\u00e1ticas, 3 % de personas de otras razas\/etnias.<\/p>\n\n\n\n<p>Mientras que el desglose por edad y sexo fue de 50,6 por ciento en hombre, el 49,4 por ciento mujeres y un 21,4 por ciento en personas de 65 a\u00f1os de edad o m\u00e1s.<\/p>\n\n\n\n<p>A partir de este jueves, en los diversos Hospitales Estatales y Federales se inici\u00f3 con la aplicaci\u00f3n de la vacuna al personal m\u00e9dico de primera linea; el primer cargamento con m\u00e1s de 19 mil dosis resguardadas por la Secretar\u00eda de la Defensa Nacional.<\/p>\n\n\n\n<p>De acuerdo a la Federaci\u00f3n, la siguiente entrega de dosis ser\u00e1n los d\u00edas 19 y 26 de enero para completar la vacunaci\u00f3n a todo el personal de salud que atiende pacientes con COVID-19.<\/p>\n","protected":false},"excerpt":{"rendered":"<p>Alejandro \u00c1vila Veracruz, Ver.- Al corte del 4 de enero del 2021 por parte de la Secretar\u00eda de Salud Federal, el Estado de Veracruz ocupa el tercer lugar a nivel nacional de personal de salud que ha fallecido a causas de COVID &#8211; 19. En estos momentos, se detalla en la informaci\u00f3n de la Secretar\u00eda [&hellip;]<\/p>\n","protected":false},"author":1,"featured_media":10028,"comment_status":"open","ping_status":"open","sticky":false,"template":"","format":"standard","meta":{"_jetpack_memberships_contains_paid_content":false,"footnotes":""},"categories":[9],"tags":[],"class_list":["post-10027","post","type-post","status-publish","format-standard","has-post-thumbnail","hentry","category-salud"],"jetpack_featured_media_url":"https:\/\/encuentroinformativo.com.mx\/wp-content\/uploads\/2021\/01\/7677E1C8-2A31-43EC-A53D-5F776EC61B05.jpeg","jetpack_sharing_enabled":true,"jetpack_likes_enabled":true,"amp_enabled":true,"_links":{"self":[{"href":"https:\/\/encuentroinformativo.com.mx\/index.php?rest_route=\/wp\/v2\/posts\/10027","targetHints":{"allow":["GET"]}}],"collection":[{"href":"https:\/\/encuentroinformativo.com.mx\/index.php?rest_route=\/wp\/v2\/posts"}],"about":[{"href":"https:\/\/encuentroinformativo.com.mx\/index.php?rest_route=\/wp\/v2\/types\/post"}],"author":[{"embeddable":true,"href":"https:\/\/encuentroinformativo.com.mx\/index.php?rest_route=\/wp\/v2\/users\/1"}],"replies":[{"embeddable":true,"href":"https:\/\/encuentroinformativo.com.mx\/index.php?rest_route=%2Fwp%2Fv2%2Fcomments&post=10027"}],"version-history":[{"count":1,"href":"https:\/\/encuentroinformativo.com.mx\/index.php?rest_route=\/wp\/v2\/posts\/10027\/revisions"}],"predecessor-version":[{"id":10029,"href":"https:\/\/encuentroinformativo.com.mx\/index.php?rest_route=\/wp\/v2\/posts\/10027\/revisions\/10029"}],"wp:featuredmedia":[{"embeddable":true,"href":"https:\/\/encuentroinformativo.com.mx\/index.php?rest_route=\/wp\/v2\/media\/10028"}],"wp:attachment":[{"href":"https:\/\/encuentroinformativo.com.mx\/index.php?rest_route=%2Fwp%2Fv2%2Fmedia&parent=10027"}],"wp:term":[{"taxonomy":"category","embeddable":true,"href":"https:\/\/encuentroinformativo.com.mx\/index.php?rest_route=%2Fwp%2Fv2%2Fcategories&post=10027"},{"taxonomy":"post_tag","embeddable":true,"href":"https:\/\/encuentroinformativo.com.mx\/index.php?rest_route=%2Fwp%2Fv2%2Ftags&post=10027"}],"curies":[{"name":"wp","href":"https:\/\/api.w.org\/{rel}","templated":true}]}}