{"id":10030,"date":"2021-01-13T10:38:55","date_gmt":"2021-01-13T16:38:55","guid":{"rendered":"https:\/\/encuentroinformativo.com.mx\/?p=10030"},"modified":"2021-01-13T15:39:27","modified_gmt":"2021-01-13T21:39:27","slug":"medico-internista-primer-vacunado-contra-covid-en-veracruz","status":"publish","type":"post","link":"https:\/\/encuentroinformativo.com.mx\/?p=10030","title":{"rendered":"M\u00e9dico internista primer vacunado contra COVID en Veracruz"},"content":{"rendered":"\n<p><strong>Juan Arcos<\/strong><\/p>\n\n\n\n<p>Xalapa, Ver.- El m\u00e9dico internista C\u00e1ndido Contreras M\u00e9ndez, 35 a\u00f1os, con residencia en Xalapa, es la primera persona en recibir una de las 19 mil 500 vacunas contra el SARS-COV-2 (COVID-19) que arribaron al estado de Veracruz.<\/p>\n\n\n\n<p>La dosis fue aplicada por el titular de la Secretar\u00eda de Salud de Veracruz (SS), Roberto Ramos Alor, en el Centro de Alta Especialidad &#8220;Doctor Rafael Lucio&#8221;, ubicado sobre la avenida de Adolfo Ruiz Cortines de esta ciudad capital.<\/p>\n\n\n\n<p>C\u00e1ndido cuenta con una Subespecialidad en Infectolog\u00eda del Centro de Alta Especialidad, quien labora en el turno nocturno del \u00c1rea COVID-19 y donde se ha reportado el fallecimiento de varios m\u00e9dicos, a causa de esta enfermedad.<\/p>\n\n\n\n<p>A las 9:00 horas de este mi\u00e9rcoles 13 de enero inici\u00f3 la aplicaci\u00f3n de la dosis a personal m\u00e9dico del Centro de Alta Especialidad, del Instituto de Seguridad y Servicios Sociales de los Trabajadores del Estado (ISSSTE) y del Instituto Mexicano del Seguro Social (IMSS).<br>Elementos de la Guardia Nacional, Secretar\u00eda de la Defensa Nacional (Sedena) y de la Secretar\u00eda de Seguridad P\u00fablica (SSP) custodiaron la zona para evitar incidentes.<\/p>\n\n\n\n<p>Lo mismo ocurri\u00f3 en el Hospital de Alta Especialidad de Veracruz y de Boca del R\u00edo, donde cada trabajador deb\u00eda esperar 30 minutos despu\u00e9s de la aplicaci\u00f3n para la detecci\u00f3n de posibles efectos secundarios, como erupciones en la piel, fiebre y dificultad respiratoria.<\/p>\n\n\n\n<p>Tambi\u00e9n en Coatzacoalcos, en la zona sur de la entidad, personal de salud recibi\u00f3 la vacuna correspondiente en el Hospital Regional \u201cValent\u00edn G\u00f3mez Far\u00edas\u201d y en el Hospital General de Zona 36 del Instituto Mexicano del Seguro Social (IMSS).<\/p>\n\n\n\n<p>Cabe recordar que el avi\u00f3n CASA C-295, matr\u00edcula 3206, al mando del capit\u00e1n Jos\u00e9 Alejandro Padilla Ruelas, procedente de la Ciudad de M\u00e9xico, aterriz\u00f3 a las 16:36 horas del martes en el aeropuerto internacional del puerto de Veracruz.<\/p>\n\n\n\n<p>Posteriormente, las vacunas fueron distribuidas a los hospitales COVID-19 de la entidad veracruzana, para que fuesen aplicadas al personal, como lo hab\u00eda detallado el gobernador Cuitl\u00e1huac Garc\u00eda Jim\u00e9nez.<br>La Secretar\u00eda de la Defensa Nacional, Secretar\u00eda de Marina y Guardia Nacional reportaron que el operativo para la distribuci\u00f3n de vacunas contra COVID-19 en territorio veracruzano, se desarroll\u00f3 en completa tranquilidad y se mantendr\u00e1 la vigilancia y acompa\u00f1amiento en los centros de vacunaci\u00f3n.<\/p>\n","protected":false},"excerpt":{"rendered":"<p>Juan Arcos Xalapa, Ver.- El m\u00e9dico internista C\u00e1ndido Contreras M\u00e9ndez, 35 a\u00f1os, con residencia en Xalapa, es la primera persona en recibir una de las 19 mil 500 vacunas contra el SARS-COV-2 (COVID-19) que arribaron al estado de Veracruz. La dosis fue aplicada por el titular de la Secretar\u00eda de Salud de Veracruz (SS), Roberto [&hellip;]<\/p>\n","protected":false},"author":1,"featured_media":10031,"comment_status":"open","ping_status":"open","sticky":false,"template":"","format":"standard","meta":{"_jetpack_memberships_contains_paid_content":false,"footnotes":""},"categories":[9],"tags":[],"class_list":["post-10030","post","type-post","status-publish","format-standard","has-post-thumbnail","hentry","category-salud"],"jetpack_featured_media_url":"https:\/\/encuentroinformativo.com.mx\/wp-content\/uploads\/2021\/01\/285C9EAD-6116-4367-A774-D581F69B147F.jpeg","jetpack_sharing_enabled":true,"jetpack_likes_enabled":true,"amp_enabled":true,"_links":{"self":[{"href":"https:\/\/encuentroinformativo.com.mx\/index.php?rest_route=\/wp\/v2\/posts\/10030","targetHints":{"allow":["GET"]}}],"collection":[{"href":"https:\/\/encuentroinformativo.com.mx\/index.php?rest_route=\/wp\/v2\/posts"}],"about":[{"href":"https:\/\/encuentroinformativo.com.mx\/index.php?rest_route=\/wp\/v2\/types\/post"}],"author":[{"embeddable":true,"href":"https:\/\/encuentroinformativo.com.mx\/index.php?rest_route=\/wp\/v2\/users\/1"}],"replies":[{"embeddable":true,"href":"https:\/\/encuentroinformativo.com.mx\/index.php?rest_route=%2Fwp%2Fv2%2Fcomments&post=10030"}],"version-history":[{"count":1,"href":"https:\/\/encuentroinformativo.com.mx\/index.php?rest_route=\/wp\/v2\/posts\/10030\/revisions"}],"predecessor-version":[{"id":10032,"href":"https:\/\/encuentroinformativo.com.mx\/index.php?rest_route=\/wp\/v2\/posts\/10030\/revisions\/10032"}],"wp:featuredmedia":[{"embeddable":true,"href":"https:\/\/encuentroinformativo.com.mx\/index.php?rest_route=\/wp\/v2\/media\/10031"}],"wp:attachment":[{"href":"https:\/\/encuentroinformativo.com.mx\/index.php?rest_route=%2Fwp%2Fv2%2Fmedia&parent=10030"}],"wp:term":[{"taxonomy":"category","embeddable":true,"href":"https:\/\/encuentroinformativo.com.mx\/index.php?rest_route=%2Fwp%2Fv2%2Fcategories&post=10030"},{"taxonomy":"post_tag","embeddable":true,"href":"https:\/\/encuentroinformativo.com.mx\/index.php?rest_route=%2Fwp%2Fv2%2Ftags&post=10030"}],"curies":[{"name":"wp","href":"https:\/\/api.w.org\/{rel}","templated":true}]}}