{"id":10036,"date":"2021-01-13T16:18:57","date_gmt":"2021-01-13T22:18:57","guid":{"rendered":"https:\/\/encuentroinformativo.com.mx\/?p=10036"},"modified":"2021-01-13T16:18:59","modified_gmt":"2021-01-13T22:18:59","slug":"no-habra-reduccion-de-horario-en-transporte-publico-astraver","status":"publish","type":"post","link":"https:\/\/encuentroinformativo.com.mx\/?p=10036","title":{"rendered":"No habr\u00e1 reducci\u00f3n de horario en transporte p\u00fablico: ASTRAVER"},"content":{"rendered":"\n<p><strong>Alejandro \u00c1vila<\/strong><\/p>\n\n\n\n<p>Veracruz, Ver.- La Asociaci\u00f3n de Transportistas de Veracruz (ASTRAVER), descart\u00f3 que las lineas de cami\u00f3n urbano de los municipios de Veracruz, Boca del R\u00edo y Medell\u00edn de Bravo, vayan a sufrir alguna reducci\u00f3n de su horario laboral durante este fin de semana como se anunci\u00f3 en redes sociales.<\/p>\n\n\n\n<p>La p\u00e1gina de <em>Facebook<\/em> &#8220;Urbanos del Puerto&#8221;, coloc\u00f3 diversos anuncios con los presuntos horarios de la &#8220;\u00faltima vuelta&#8221; de diferentes rutas, entre ellas, Comercial Mexicana, Ruta 6, Colonia Lagos, Revoluci\u00f3n y Los Volcanes; adem\u00e1s del Norte Sur.<\/p>\n\n\n\n<p>Seg\u00fan la citada p\u00e1gina, algunas lineas de transporte p\u00fablico dejar\u00edan de laboral despu\u00e9s de las 18 horas o de las 21 horas; esto debido al decreto emitido por el Gobierno del Estado de Veracruz donde se invita al municipio de Veracruz, entre otros a cerrar su Centro Hist\u00f3rico del 14 al 17 de enero.<\/p>\n\n\n\n<p>&#8220;Todas las empresas asociadas a ASTRAVER, est\u00e1n prestando el servicio de manera normal, en los horarios que se han estado atendiendo en las diversas geograf\u00edas, no tan solo de la ciudad de Veracruz, sino del Estado de Veracruz, y mantenemos en esta nueva normalidad el servicio de transporte como el usuario ha estado haciendo uso del mismo. No tenemos hasta el momento ning\u00fan cambio&#8221;, subray\u00f3, Jorge Ramos Maga\u00f1a, vocero de ASTRAVER.<\/p>\n\n\n\n<p>Reconoci\u00f3 que contin\u00faan trabajando contra corriente, pues la pandemia los dej\u00f3 en n\u00fameros rojos, con perdidas millonarias en el transporte p\u00fablico, adem\u00e1s de diversos adeudos con las armadoras y financieras.<\/p>\n\n\n\n<p>&#8220;El 90 por ciento de rutas de la conurbaci\u00f3n se encuentran agremiadas a ASTRAVER&#8221;, resalt\u00f3.<\/p>\n\n\n\n<p>Finalmente, Ramos Maga\u00f1a, aclar\u00f3 que desde hace meses se encuentran sanitizando unidades de transporte p\u00fablico, instando a los usuarios a utilizar cubre bocas y colocarse gel antibacterial despu\u00e9s de hacer el pago de su pasaje.<\/p>\n","protected":false},"excerpt":{"rendered":"<p>Alejandro \u00c1vila Veracruz, Ver.- La Asociaci\u00f3n de Transportistas de Veracruz (ASTRAVER), descart\u00f3 que las lineas de cami\u00f3n urbano de los municipios de Veracruz, Boca del R\u00edo y Medell\u00edn de Bravo, vayan a sufrir alguna reducci\u00f3n de su horario laboral durante este fin de semana como se anunci\u00f3 en redes sociales. La p\u00e1gina de Facebook &#8220;Urbanos [&hellip;]<\/p>\n","protected":false},"author":1,"featured_media":10037,"comment_status":"open","ping_status":"open","sticky":false,"template":"","format":"standard","meta":{"_jetpack_memberships_contains_paid_content":false,"footnotes":""},"categories":[2],"tags":[],"class_list":["post-10036","post","type-post","status-publish","format-standard","has-post-thumbnail","hentry","category-estado"],"jetpack_featured_media_url":"https:\/\/encuentroinformativo.com.mx\/wp-content\/uploads\/2021\/01\/B3F628E1-8A8B-4F9C-B601-31EE22965F70.jpeg","jetpack_sharing_enabled":true,"jetpack_likes_enabled":true,"amp_enabled":true,"_links":{"self":[{"href":"https:\/\/encuentroinformativo.com.mx\/index.php?rest_route=\/wp\/v2\/posts\/10036","targetHints":{"allow":["GET"]}}],"collection":[{"href":"https:\/\/encuentroinformativo.com.mx\/index.php?rest_route=\/wp\/v2\/posts"}],"about":[{"href":"https:\/\/encuentroinformativo.com.mx\/index.php?rest_route=\/wp\/v2\/types\/post"}],"author":[{"embeddable":true,"href":"https:\/\/encuentroinformativo.com.mx\/index.php?rest_route=\/wp\/v2\/users\/1"}],"replies":[{"embeddable":true,"href":"https:\/\/encuentroinformativo.com.mx\/index.php?rest_route=%2Fwp%2Fv2%2Fcomments&post=10036"}],"version-history":[{"count":1,"href":"https:\/\/encuentroinformativo.com.mx\/index.php?rest_route=\/wp\/v2\/posts\/10036\/revisions"}],"predecessor-version":[{"id":10038,"href":"https:\/\/encuentroinformativo.com.mx\/index.php?rest_route=\/wp\/v2\/posts\/10036\/revisions\/10038"}],"wp:featuredmedia":[{"embeddable":true,"href":"https:\/\/encuentroinformativo.com.mx\/index.php?rest_route=\/wp\/v2\/media\/10037"}],"wp:attachment":[{"href":"https:\/\/encuentroinformativo.com.mx\/index.php?rest_route=%2Fwp%2Fv2%2Fmedia&parent=10036"}],"wp:term":[{"taxonomy":"category","embeddable":true,"href":"https:\/\/encuentroinformativo.com.mx\/index.php?rest_route=%2Fwp%2Fv2%2Fcategories&post=10036"},{"taxonomy":"post_tag","embeddable":true,"href":"https:\/\/encuentroinformativo.com.mx\/index.php?rest_route=%2Fwp%2Fv2%2Ftags&post=10036"}],"curies":[{"name":"wp","href":"https:\/\/api.w.org\/{rel}","templated":true}]}}