{"id":10039,"date":"2021-01-13T21:01:38","date_gmt":"2021-01-14T03:01:38","guid":{"rendered":"https:\/\/encuentroinformativo.com.mx\/?p=10039"},"modified":"2021-01-13T21:01:41","modified_gmt":"2021-01-14T03:01:41","slug":"espacios-afectados","status":"publish","type":"post","link":"https:\/\/encuentroinformativo.com.mx\/?p=10039","title":{"rendered":"Espacios afectados&#8230;"},"content":{"rendered":"\n<p>Xalapa, Ver.- Ante la pandemia que se vive desde el a\u00f1o pasado, los espacios como el parque infantil Murillo Vidal siguen cerrados al p\u00fablico, por lo que la zona de Los Lagos se ha observado desierta en los \u00faltimos d\u00edas. <\/p>\n\n\n\n<p><strong>Fotos: <\/strong>Vic-Man<\/p>\n\n\n\n<figure class=\"wp-block-image size-large\"><img loading=\"lazy\" decoding=\"async\" width=\"1013\" height=\"1000\" src=\"https:\/\/encuentroinformativo.com.mx\/wp-content\/uploads\/2021\/01\/F875F7F0-68A7-4D43-81FB-8888EFC3FEE6.jpeg\" alt=\"\" class=\"wp-image-10041\" srcset=\"https:\/\/encuentroinformativo.com.mx\/wp-content\/uploads\/2021\/01\/F875F7F0-68A7-4D43-81FB-8888EFC3FEE6.jpeg 1013w, https:\/\/encuentroinformativo.com.mx\/wp-content\/uploads\/2021\/01\/F875F7F0-68A7-4D43-81FB-8888EFC3FEE6-300x296.jpeg 300w, https:\/\/encuentroinformativo.com.mx\/wp-content\/uploads\/2021\/01\/F875F7F0-68A7-4D43-81FB-8888EFC3FEE6-768x758.jpeg 768w\" sizes=\"auto, (max-width: 1013px) 100vw, 1013px\" \/><\/figure>\n\n\n\n<figure class=\"wp-block-image size-large\"><img loading=\"lazy\" decoding=\"async\" width=\"1024\" height=\"660\" src=\"https:\/\/encuentroinformativo.com.mx\/wp-content\/uploads\/2021\/01\/DDDD3016-FF0A-4F8E-9A2F-2A09B14EB9B8-1024x660.jpeg\" alt=\"\" class=\"wp-image-10042\" srcset=\"https:\/\/encuentroinformativo.com.mx\/wp-content\/uploads\/2021\/01\/DDDD3016-FF0A-4F8E-9A2F-2A09B14EB9B8-1024x660.jpeg 1024w, https:\/\/encuentroinformativo.com.mx\/wp-content\/uploads\/2021\/01\/DDDD3016-FF0A-4F8E-9A2F-2A09B14EB9B8-300x193.jpeg 300w, https:\/\/encuentroinformativo.com.mx\/wp-content\/uploads\/2021\/01\/DDDD3016-FF0A-4F8E-9A2F-2A09B14EB9B8-768x495.jpeg 768w, https:\/\/encuentroinformativo.com.mx\/wp-content\/uploads\/2021\/01\/DDDD3016-FF0A-4F8E-9A2F-2A09B14EB9B8-1536x990.jpeg 1536w, https:\/\/encuentroinformativo.com.mx\/wp-content\/uploads\/2021\/01\/DDDD3016-FF0A-4F8E-9A2F-2A09B14EB9B8.jpeg 1552w\" sizes=\"auto, (max-width: 1024px) 100vw, 1024px\" \/><\/figure>\n\n\n\n<figure class=\"wp-block-image size-large\"><img loading=\"lazy\" decoding=\"async\" width=\"1024\" height=\"646\" src=\"https:\/\/encuentroinformativo.com.mx\/wp-content\/uploads\/2021\/01\/4FCB94C5-AD2E-41B5-8EE3-F2BE0A1E2679-1024x646.jpeg\" alt=\"\" class=\"wp-image-10043\" srcset=\"https:\/\/encuentroinformativo.com.mx\/wp-content\/uploads\/2021\/01\/4FCB94C5-AD2E-41B5-8EE3-F2BE0A1E2679-1024x646.jpeg 1024w, https:\/\/encuentroinformativo.com.mx\/wp-content\/uploads\/2021\/01\/4FCB94C5-AD2E-41B5-8EE3-F2BE0A1E2679-300x189.jpeg 300w, https:\/\/encuentroinformativo.com.mx\/wp-content\/uploads\/2021\/01\/4FCB94C5-AD2E-41B5-8EE3-F2BE0A1E2679-768x484.jpeg 768w, https:\/\/encuentroinformativo.com.mx\/wp-content\/uploads\/2021\/01\/4FCB94C5-AD2E-41B5-8EE3-F2BE0A1E2679-1536x968.jpeg 1536w, https:\/\/encuentroinformativo.com.mx\/wp-content\/uploads\/2021\/01\/4FCB94C5-AD2E-41B5-8EE3-F2BE0A1E2679.jpeg 1586w\" sizes=\"auto, (max-width: 1024px) 100vw, 1024px\" \/><\/figure>\n","protected":false},"excerpt":{"rendered":"<p>Xalapa, Ver.- Ante la pandemia que se vive desde el a\u00f1o pasado, los espacios como el parque infantil Murillo Vidal siguen cerrados al p\u00fablico, por lo que la zona de Los Lagos se ha observado desierta en los \u00faltimos d\u00edas. Fotos: Vic-Man<\/p>\n","protected":false},"author":1,"featured_media":10040,"comment_status":"open","ping_status":"open","sticky":false,"template":"","format":"standard","meta":{"_jetpack_memberships_contains_paid_content":false,"footnotes":""},"categories":[3],"tags":[],"class_list":["post-10039","post","type-post","status-publish","format-standard","has-post-thumbnail","hentry","category-xalapa"],"jetpack_featured_media_url":"https:\/\/encuentroinformativo.com.mx\/wp-content\/uploads\/2021\/01\/C0FBF5EE-B1DF-4508-9EF0-150A277D94DF.jpeg","jetpack_sharing_enabled":true,"jetpack_likes_enabled":true,"amp_enabled":true,"_links":{"self":[{"href":"https:\/\/encuentroinformativo.com.mx\/index.php?rest_route=\/wp\/v2\/posts\/10039","targetHints":{"allow":["GET"]}}],"collection":[{"href":"https:\/\/encuentroinformativo.com.mx\/index.php?rest_route=\/wp\/v2\/posts"}],"about":[{"href":"https:\/\/encuentroinformativo.com.mx\/index.php?rest_route=\/wp\/v2\/types\/post"}],"author":[{"embeddable":true,"href":"https:\/\/encuentroinformativo.com.mx\/index.php?rest_route=\/wp\/v2\/users\/1"}],"replies":[{"embeddable":true,"href":"https:\/\/encuentroinformativo.com.mx\/index.php?rest_route=%2Fwp%2Fv2%2Fcomments&post=10039"}],"version-history":[{"count":1,"href":"https:\/\/encuentroinformativo.com.mx\/index.php?rest_route=\/wp\/v2\/posts\/10039\/revisions"}],"predecessor-version":[{"id":10044,"href":"https:\/\/encuentroinformativo.com.mx\/index.php?rest_route=\/wp\/v2\/posts\/10039\/revisions\/10044"}],"wp:featuredmedia":[{"embeddable":true,"href":"https:\/\/encuentroinformativo.com.mx\/index.php?rest_route=\/wp\/v2\/media\/10040"}],"wp:attachment":[{"href":"https:\/\/encuentroinformativo.com.mx\/index.php?rest_route=%2Fwp%2Fv2%2Fmedia&parent=10039"}],"wp:term":[{"taxonomy":"category","embeddable":true,"href":"https:\/\/encuentroinformativo.com.mx\/index.php?rest_route=%2Fwp%2Fv2%2Fcategories&post=10039"},{"taxonomy":"post_tag","embeddable":true,"href":"https:\/\/encuentroinformativo.com.mx\/index.php?rest_route=%2Fwp%2Fv2%2Ftags&post=10039"}],"curies":[{"name":"wp","href":"https:\/\/api.w.org\/{rel}","templated":true}]}}