{"id":10048,"date":"2021-01-14T14:49:09","date_gmt":"2021-01-14T20:49:09","guid":{"rendered":"https:\/\/encuentroinformativo.com.mx\/?p=10048"},"modified":"2021-01-14T14:49:11","modified_gmt":"2021-01-14T20:49:11","slug":"cuic-confirmen-por-favor","status":"publish","type":"post","link":"https:\/\/encuentroinformativo.com.mx\/?p=10048","title":{"rendered":"Cuic\u2026 \u00a1Confirmen por favor!"},"content":{"rendered":"\n<p><strong>Los Pol\u00edticos\u00a0<\/strong><\/p>\n\n\n\n<p><strong>Salvador Mu\u00f1oz<\/strong><\/p>\n\n\n\n<p>Desde hace muchos a\u00f1os, en cada proceso electoral, surge por all\u00ed un candidato sui generis que da lugar a la pol\u00e9mica, a la discusi\u00f3n, a desgarrarse las vestiduras en nombre de la pol\u00edtica. Aunque cada ocasi\u00f3n parece nueva, tengo la sospecha de que el PRI fue pionero en estos eventos con personajes singulares.<\/p>\n\n\n\n<p>Imagino la cara de los pol\u00edticos cuando se enteraron que el PRI llevar\u00eda a Irma Serrano como candidata a diputada. No hablo de los ciudadanos, que seguro estaban emocionados de ver a La Tigresa compitiendo en la pol\u00edtica\u2026 si hab\u00eda salido airosa junto con el Santo de su enfrentamiento con los zombies, cuantim\u00e1s lo har\u00eda con los pol\u00edticos\u2026 \u00bfpero entre los pol\u00edticos ver a una cantante, vedette, escritora, actriz, cubierta en el velo de haber sido amante de un gobernador veracruzano y de un presidente de la Rep\u00fablica?<\/p>\n\n\n\n<p>Algo debi\u00f3 tener Irma Serrano que despu\u00e9s el PRD la tom\u00f3 como candidata al Senado\u2026<\/p>\n\n\n\n<p>El Partido Encuentro Solidario en algunos puntos del pa\u00eds est\u00e1 apostando a ex jugadores de balompi\u00e9 para disputar cargos de elecci\u00f3n popular. Ah\u00ed est\u00e1n el Bofo Bautista, Jorge Campos, El Abuelo Cruz, entre otros.<\/p>\n\n\n\n<p>La reacci\u00f3n del respetable de las redes sociales es de menosprecio a estas propuestas. Se entiende, pero no se comparte. La figura del Atleta o Deportista es mal vista por una idea de que hay sana distancia entre m\u00fasculo y materia gris. Lo mismo ocurre con los personajes de la far\u00e1ndula, como saber que Kiko (Carlos Villagr\u00e1n) va por la candidatura a la Gubernatura de Quer\u00e9taro por un partido local: \u00a1No les simpatiza! Me entero que Redes Sociales Progresistas postular\u00e1 a alguien de los \u00c1ngeles Azules: Amo su inocencia\u2026 amo sus errores&#8230;<\/p>\n\n\n\n<p>Al final, tenemos partidos que apuestan m\u00e1s por la pasi\u00f3n del ciudadano que por la raz\u00f3n del ciudadano, sea a trav\u00e9s de estrellas de la far\u00e1ndula o deporte, o revolviendo las v\u00edsceras del electorado, como fue el llamado efecto AMLO, con las consabidas consecuencias y pol\u00edticos que llegaron bajo este esquema pasional. Por eso, quiz\u00e1s por eso, puede ser que hoy, lleven a tu, mi, nuestro Gobernador (legalmente as\u00ed es) a la escala de esta pregunta que Marietto Ponce hace en tuiter: \u201c\u00bfEl gobernador m\u00e1s pendejo en la historia del pa\u00eds ser\u00e1 Cuitl\u00e1huac? Confirmen por favor\u201d.<\/p>\n\n\n\n<p>Lo preocupante no es el adjetivo con el que califica al mandatario estatal veracruzano, motivado por la corta, muy cortita respuesta que dio con respecto al fen\u00f3meno del Covid y la Cepa Nueva detectada en Inglaterra: \u201cNosotros no tenemos ning\u00fan aeropuerto que reciba pasaje de Inglaterra, no tendr\u00edamos por qu\u00e9 tener esa preocupaci\u00f3n contra esa cepa\u201d.<\/p>\n\n\n\n<p>Tampoco por las reacciones que lo ponen al nivel del Gobernador de Morelos, Cuauht\u00e9moc Blanco, seguidos por Luis Miguel, no el Sol, sino el Eclipse Barbosa Huerta, el mandatario de Puebla, as\u00ed como la gobernadora Claudia Sheinbaum, de la Ciudad de M\u00e9xico.<\/p>\n\n\n\n<p>Este fen\u00f3meno social, el de calificar como \u201cPendejo\u201d a la autoridad, tampoco es nuevo. Denostar a quien ejercita el Poder es como una especie de deporte nacional: el alcalde es un pendejo, el diputado es un pendejo, el Gobernador es un pendejo, el presidente es un pendejo\u2026 \u00a1todos son unos pendejos, menos los ciudadanos!<\/p>\n\n\n\n<p>Desde hace a\u00f1os, referirse a las autoridades en tonos injuriosos, no era m\u00e1s que una especie de desahogo por ver al Sistema en el Poder en un estatus y verse uno en otro, sin que hubiera visos de un cambio.<\/p>\n\n\n\n<p>Decirle \u201cPendejo\u201d al Poder, fuera entre dientes, mascullando, o a los cuatro vientos, era un desfogue\u2026 el asunto es que hoy, llamar al Gobernador de Veracruz \u201cPendejo\u201d, no se trata del escape de una frustraci\u00f3n social, sino algo que podr\u00eda ser m\u00e1s terrible: una realidad.<\/p>\n\n\n\n<p>Tranquilos seguidores de la Cuatro T o en su defecto, admiradores de Cuic\u2026 no todo es negativo\u2026 independientemente del adjetivo que en tuiter endilgan a Cuitl\u00e1huac, lo cierto es que adem\u00e1s de ser un xalape\u00f1o que ya pas\u00f3 a los anales de la historia pol\u00edtica como el primer gobernador de izquierda en Veracruz, en una de \u00e9sas, Marietto Ponce ya le hizo el favor de ponerlo como el gobernador m\u00e1s pendejo en la historia del pa\u00eds\u2026 \u00a1Confirmen por favor!<\/p>\n\n\n\n<p><a href=\"mailto:smcainito@gmail.com\" target=\"_blank\" rel=\"noreferrer noopener\">smcainito@gmail.com<\/a><\/p>\n","protected":false},"excerpt":{"rendered":"<p>Los Pol\u00edticos\u00a0 Salvador Mu\u00f1oz Desde hace muchos a\u00f1os, en cada proceso electoral, surge por all\u00ed un candidato sui generis que da lugar a la pol\u00e9mica, a la discusi\u00f3n, a desgarrarse las vestiduras en nombre de la pol\u00edtica. Aunque cada ocasi\u00f3n parece nueva, tengo la sospecha de que el PRI fue pionero en estos eventos con [&hellip;]<\/p>\n","protected":false},"author":1,"featured_media":70,"comment_status":"open","ping_status":"open","sticky":false,"template":"","format":"standard","meta":{"_jetpack_memberships_contains_paid_content":false,"footnotes":""},"categories":[11],"tags":[],"class_list":["post-10048","post","type-post","status-publish","format-standard","has-post-thumbnail","hentry","category-opinion"],"jetpack_featured_media_url":"https:\/\/encuentroinformativo.com.mx\/wp-content\/uploads\/2020\/02\/opinion-invitado.jpg","jetpack_sharing_enabled":true,"jetpack_likes_enabled":true,"amp_enabled":true,"_links":{"self":[{"href":"https:\/\/encuentroinformativo.com.mx\/index.php?rest_route=\/wp\/v2\/posts\/10048","targetHints":{"allow":["GET"]}}],"collection":[{"href":"https:\/\/encuentroinformativo.com.mx\/index.php?rest_route=\/wp\/v2\/posts"}],"about":[{"href":"https:\/\/encuentroinformativo.com.mx\/index.php?rest_route=\/wp\/v2\/types\/post"}],"author":[{"embeddable":true,"href":"https:\/\/encuentroinformativo.com.mx\/index.php?rest_route=\/wp\/v2\/users\/1"}],"replies":[{"embeddable":true,"href":"https:\/\/encuentroinformativo.com.mx\/index.php?rest_route=%2Fwp%2Fv2%2Fcomments&post=10048"}],"version-history":[{"count":1,"href":"https:\/\/encuentroinformativo.com.mx\/index.php?rest_route=\/wp\/v2\/posts\/10048\/revisions"}],"predecessor-version":[{"id":10049,"href":"https:\/\/encuentroinformativo.com.mx\/index.php?rest_route=\/wp\/v2\/posts\/10048\/revisions\/10049"}],"wp:featuredmedia":[{"embeddable":true,"href":"https:\/\/encuentroinformativo.com.mx\/index.php?rest_route=\/wp\/v2\/media\/70"}],"wp:attachment":[{"href":"https:\/\/encuentroinformativo.com.mx\/index.php?rest_route=%2Fwp%2Fv2%2Fmedia&parent=10048"}],"wp:term":[{"taxonomy":"category","embeddable":true,"href":"https:\/\/encuentroinformativo.com.mx\/index.php?rest_route=%2Fwp%2Fv2%2Fcategories&post=10048"},{"taxonomy":"post_tag","embeddable":true,"href":"https:\/\/encuentroinformativo.com.mx\/index.php?rest_route=%2Fwp%2Fv2%2Ftags&post=10048"}],"curies":[{"name":"wp","href":"https:\/\/api.w.org\/{rel}","templated":true}]}}