{"id":1005,"date":"2020-03-17T12:02:55","date_gmt":"2020-03-17T18:02:55","guid":{"rendered":"https:\/\/encuentroinformativo.com\/?p=1005"},"modified":"2020-03-17T12:02:57","modified_gmt":"2020-03-17T18:02:57","slug":"a-partir-del-martes-docentes-al-aislamiento-preventivo","status":"publish","type":"post","link":"https:\/\/encuentroinformativo.com.mx\/?p=1005","title":{"rendered":"A partir del martes, docentes al aislamiento preventivo"},"content":{"rendered":"\n<p><strong>Redacci\u00f3n<\/strong> <\/p>\n\n\n\n<p>Xalapa, Ver.- Ser\u00e1 a partir del pr\u00f3ximo martes 24 de marzo cuando los maestros podr\u00e1n ausentarse de sus actividades para participar de un aislamiento voluntario.<\/p>\n\n\n\n<p>As\u00ed lo dio a conocer Zenyazen Escobar Garc\u00eda titular de la Secretar\u00eda de Educaci\u00f3n de Veracruz (SEV) quien reiter\u00f3 que no se trata de unas \u201cvacaciones tradicionales\u201d por lo que se recomienda no realiza reuniones.<\/p>\n\n\n\n<p>\u201cA partir del martes 24 todo el personal docente y administrativo de las escuelas tambi\u00e9n participar\u00e1 en el aislamiento voluntario y preventivo\u201d.<\/p>\n\n\n\n<p>Las actividades en oficinas centrales y delegaciones, siguen de manera normal, enfatiz\u00f3. <\/p>\n","protected":false},"excerpt":{"rendered":"<p>Redacci\u00f3n Xalapa, Ver.- Ser\u00e1 a partir del pr\u00f3ximo martes 24 de marzo cuando los maestros podr\u00e1n ausentarse de sus actividades para participar de un aislamiento voluntario. As\u00ed lo dio a conocer Zenyazen Escobar Garc\u00eda titular de la Secretar\u00eda de Educaci\u00f3n de Veracruz (SEV) quien reiter\u00f3 que no se trata de unas \u201cvacaciones tradicionales\u201d por lo [&hellip;]<\/p>\n","protected":false},"author":1,"featured_media":284,"comment_status":"open","ping_status":"open","sticky":false,"template":"","format":"standard","meta":{"_jetpack_memberships_contains_paid_content":false,"footnotes":""},"categories":[2],"tags":[],"class_list":["post-1005","post","type-post","status-publish","format-standard","has-post-thumbnail","hentry","category-estado"],"jetpack_featured_media_url":"https:\/\/encuentroinformativo.com.mx\/wp-content\/uploads\/2020\/03\/ezy-watermark_02-03-2020_05-54-47p.m..jpg","jetpack_sharing_enabled":true,"jetpack_likes_enabled":true,"amp_enabled":true,"_links":{"self":[{"href":"https:\/\/encuentroinformativo.com.mx\/index.php?rest_route=\/wp\/v2\/posts\/1005","targetHints":{"allow":["GET"]}}],"collection":[{"href":"https:\/\/encuentroinformativo.com.mx\/index.php?rest_route=\/wp\/v2\/posts"}],"about":[{"href":"https:\/\/encuentroinformativo.com.mx\/index.php?rest_route=\/wp\/v2\/types\/post"}],"author":[{"embeddable":true,"href":"https:\/\/encuentroinformativo.com.mx\/index.php?rest_route=\/wp\/v2\/users\/1"}],"replies":[{"embeddable":true,"href":"https:\/\/encuentroinformativo.com.mx\/index.php?rest_route=%2Fwp%2Fv2%2Fcomments&post=1005"}],"version-history":[{"count":1,"href":"https:\/\/encuentroinformativo.com.mx\/index.php?rest_route=\/wp\/v2\/posts\/1005\/revisions"}],"predecessor-version":[{"id":1006,"href":"https:\/\/encuentroinformativo.com.mx\/index.php?rest_route=\/wp\/v2\/posts\/1005\/revisions\/1006"}],"wp:featuredmedia":[{"embeddable":true,"href":"https:\/\/encuentroinformativo.com.mx\/index.php?rest_route=\/wp\/v2\/media\/284"}],"wp:attachment":[{"href":"https:\/\/encuentroinformativo.com.mx\/index.php?rest_route=%2Fwp%2Fv2%2Fmedia&parent=1005"}],"wp:term":[{"taxonomy":"category","embeddable":true,"href":"https:\/\/encuentroinformativo.com.mx\/index.php?rest_route=%2Fwp%2Fv2%2Fcategories&post=1005"},{"taxonomy":"post_tag","embeddable":true,"href":"https:\/\/encuentroinformativo.com.mx\/index.php?rest_route=%2Fwp%2Fv2%2Ftags&post=1005"}],"curies":[{"name":"wp","href":"https:\/\/api.w.org\/{rel}","templated":true}]}}