{"id":10050,"date":"2021-01-14T14:54:39","date_gmt":"2021-01-14T20:54:39","guid":{"rendered":"https:\/\/encuentroinformativo.com.mx\/?p=10050"},"modified":"2021-01-14T14:54:41","modified_gmt":"2021-01-14T20:54:41","slug":"por-eso-no-entienden-transito-no-sancionara-a-choferes-irresponsables","status":"publish","type":"post","link":"https:\/\/encuentroinformativo.com.mx\/?p=10050","title":{"rendered":"\u00a1Por eso no entienden!, Tr\u00e1nsito no sancionar\u00e1 a choferes irresponsables"},"content":{"rendered":"\n<p><strong>Dar\u00edo Pale <\/strong><\/p>\n\n\n\n<p>Xalapa, Ver.- A los conductores particulares o del transporte p\u00fablico que no quieran acatar las medidas de sanidad para evitar los contagios por Covid, no ser\u00e1n sancionados, \u00fanicamente se les tratar\u00e1 de concientizar sobre la importancia del uso correcto del cubrebocas y del gel antibacterial, as\u00ed lo inform\u00f3\u00a0Jos\u00e9 Antonio Camps Valencia, director general de Tr\u00e1nsito y Seguridad Vial del Estado.<\/p>\n\n\n\n<p>En entrevista dio a conocer que el operativo de filtros sanitarios en esta capital, se establecieron 12 de \u00e9stos para limitar la movilidad, principalmente en el centro, record\u00f3 que el decreto por el que se emiti\u00f3 una &#8220;Alerta Preventiva&#8221; abarca 12 municipios, de los cuales, la direcci\u00f3n a su cargo participa en 8,\u00a0estos son: Actopan, Guti\u00e9rrez Zamora, Tecolutla, Papantla, Poza Rica, Xalapa, Orizaba, entre otros.<\/p>\n\n\n\n<p>Expuso que la Secretar\u00eda de Seguridad P\u00fablica se coordina para estos operativos con la Secretar\u00eda de Protecci\u00f3n Civil, pero de manera interna, hacen acciones tanto Tr\u00e1nsito, Transporte, Polic\u00eda Estatal, Fuerza Civil y autoridades municipales.<\/p>\n\n\n\n<p>Mencion\u00f3 que en los 12 municipios donde se reduce la movilidad desde este jueves y hasta el domingo, participan alrededor de 100 elementos operativos.<\/p>\n\n\n\n<p>&#8220;La instrucci\u00f3n es reducir la movilidad al Centro, el uso correcto del cubrebocas, el uso de gel antibacterial y sobre todo, hacer conciencia de que si no tienen a qu\u00e9 salir, que se queden en casa. Ahorita es cuesti\u00f3n de resguardarnos, ahorita estamos en alerta&#8221;, finaliz\u00f3.<\/p>\n","protected":false},"excerpt":{"rendered":"<p>Dar\u00edo Pale Xalapa, Ver.- A los conductores particulares o del transporte p\u00fablico que no quieran acatar las medidas de sanidad para evitar los contagios por Covid, no ser\u00e1n sancionados, \u00fanicamente se les tratar\u00e1 de concientizar sobre la importancia del uso correcto del cubrebocas y del gel antibacterial, as\u00ed lo inform\u00f3\u00a0Jos\u00e9 Antonio Camps Valencia, director general [&hellip;]<\/p>\n","protected":false},"author":1,"featured_media":10051,"comment_status":"open","ping_status":"open","sticky":false,"template":"","format":"standard","meta":{"_jetpack_memberships_contains_paid_content":false,"footnotes":""},"categories":[3],"tags":[],"class_list":["post-10050","post","type-post","status-publish","format-standard","has-post-thumbnail","hentry","category-xalapa"],"jetpack_featured_media_url":"https:\/\/encuentroinformativo.com.mx\/wp-content\/uploads\/2021\/01\/2856B5AF-A6CC-4D33-8D31-971BC94D1BD1.jpeg","jetpack_sharing_enabled":true,"jetpack_likes_enabled":true,"amp_enabled":true,"_links":{"self":[{"href":"https:\/\/encuentroinformativo.com.mx\/index.php?rest_route=\/wp\/v2\/posts\/10050","targetHints":{"allow":["GET"]}}],"collection":[{"href":"https:\/\/encuentroinformativo.com.mx\/index.php?rest_route=\/wp\/v2\/posts"}],"about":[{"href":"https:\/\/encuentroinformativo.com.mx\/index.php?rest_route=\/wp\/v2\/types\/post"}],"author":[{"embeddable":true,"href":"https:\/\/encuentroinformativo.com.mx\/index.php?rest_route=\/wp\/v2\/users\/1"}],"replies":[{"embeddable":true,"href":"https:\/\/encuentroinformativo.com.mx\/index.php?rest_route=%2Fwp%2Fv2%2Fcomments&post=10050"}],"version-history":[{"count":1,"href":"https:\/\/encuentroinformativo.com.mx\/index.php?rest_route=\/wp\/v2\/posts\/10050\/revisions"}],"predecessor-version":[{"id":10052,"href":"https:\/\/encuentroinformativo.com.mx\/index.php?rest_route=\/wp\/v2\/posts\/10050\/revisions\/10052"}],"wp:featuredmedia":[{"embeddable":true,"href":"https:\/\/encuentroinformativo.com.mx\/index.php?rest_route=\/wp\/v2\/media\/10051"}],"wp:attachment":[{"href":"https:\/\/encuentroinformativo.com.mx\/index.php?rest_route=%2Fwp%2Fv2%2Fmedia&parent=10050"}],"wp:term":[{"taxonomy":"category","embeddable":true,"href":"https:\/\/encuentroinformativo.com.mx\/index.php?rest_route=%2Fwp%2Fv2%2Fcategories&post=10050"},{"taxonomy":"post_tag","embeddable":true,"href":"https:\/\/encuentroinformativo.com.mx\/index.php?rest_route=%2Fwp%2Fv2%2Ftags&post=10050"}],"curies":[{"name":"wp","href":"https:\/\/api.w.org\/{rel}","templated":true}]}}