{"id":10053,"date":"2021-01-14T14:59:08","date_gmt":"2021-01-14T20:59:08","guid":{"rendered":"https:\/\/encuentroinformativo.com.mx\/?p=10053"},"modified":"2021-01-14T14:59:12","modified_gmt":"2021-01-14T20:59:12","slug":"solicitan-colectivos-reanudar-mesas-de-dialogo-con-gobierno","status":"publish","type":"post","link":"https:\/\/encuentroinformativo.com.mx\/?p=10053","title":{"rendered":"Solicitan Colectivos reanudar mesas de di\u00e1logo con Gobierno"},"content":{"rendered":"\n<p><strong>Dar\u00edo Pale <\/strong><\/p>\n\n\n\n<p>Xalapa, Ver.- Victoria Delgadillo Romero, del colectivo Enlaces Xalapa dio a conocer que se manifiestan en la plaza Lerdo junto con diferentes colectivos para solicitar\u00a0que el gobernador Cuitl\u00e1huac Garc\u00eda Jim\u00e9nez reaunede las reuniones junto con la encargada de despacho de la Comisi\u00f3n Estatal de B\u00fasqueda, pues con el pretexto de la pandemia por el coronavirus acusan que se suspendieron.<\/p>\n\n\n\n<p>Entrevistada durante la manifestaci\u00f3n dio a conocer que, &#8220;desde hace un a\u00f1o no somos atendidas las familias cuando ven\u00edamos siendo atendidos por \u00e9l casa mes. Dice que por la pandemia, pero \u00e9l anda por todos lados con gente, con much\u00edsima gente anda en todos lados. Lo hemos visto. No es posible que no pueda atender a las familias cuando sigue haciendo \u00e9l sus recorridos por todo el estado de Veracruz&#8221;.<\/p>\n\n\n\n<p>Se\u00f1al\u00f3 que con la Fiscal\u00eda General del Estado todo est\u00e1 parado no hay avances en las carpetas ya que no hay personal ni polic\u00edas ministeriales al igual que fiscales y est\u00e1n a la espera de ver cu\u00e1ndo atender\u00e1n a las familias y continuar los trabajos que desde hace casi un a\u00f1o que no se re\u00fanen.<\/p>\n","protected":false},"excerpt":{"rendered":"<p>Dar\u00edo Pale Xalapa, Ver.- Victoria Delgadillo Romero, del colectivo Enlaces Xalapa dio a conocer que se manifiestan en la plaza Lerdo junto con diferentes colectivos para solicitar\u00a0que el gobernador Cuitl\u00e1huac Garc\u00eda Jim\u00e9nez reaunede las reuniones junto con la encargada de despacho de la Comisi\u00f3n Estatal de B\u00fasqueda, pues con el pretexto de la pandemia por [&hellip;]<\/p>\n","protected":false},"author":1,"featured_media":10054,"comment_status":"open","ping_status":"open","sticky":false,"template":"","format":"standard","meta":{"_jetpack_memberships_contains_paid_content":false,"footnotes":""},"categories":[3],"tags":[],"class_list":["post-10053","post","type-post","status-publish","format-standard","has-post-thumbnail","hentry","category-xalapa"],"jetpack_featured_media_url":"https:\/\/encuentroinformativo.com.mx\/wp-content\/uploads\/2021\/01\/A36898AB-2874-47E1-882C-520E84500ACA.jpeg","jetpack_sharing_enabled":true,"jetpack_likes_enabled":true,"amp_enabled":true,"_links":{"self":[{"href":"https:\/\/encuentroinformativo.com.mx\/index.php?rest_route=\/wp\/v2\/posts\/10053","targetHints":{"allow":["GET"]}}],"collection":[{"href":"https:\/\/encuentroinformativo.com.mx\/index.php?rest_route=\/wp\/v2\/posts"}],"about":[{"href":"https:\/\/encuentroinformativo.com.mx\/index.php?rest_route=\/wp\/v2\/types\/post"}],"author":[{"embeddable":true,"href":"https:\/\/encuentroinformativo.com.mx\/index.php?rest_route=\/wp\/v2\/users\/1"}],"replies":[{"embeddable":true,"href":"https:\/\/encuentroinformativo.com.mx\/index.php?rest_route=%2Fwp%2Fv2%2Fcomments&post=10053"}],"version-history":[{"count":1,"href":"https:\/\/encuentroinformativo.com.mx\/index.php?rest_route=\/wp\/v2\/posts\/10053\/revisions"}],"predecessor-version":[{"id":10055,"href":"https:\/\/encuentroinformativo.com.mx\/index.php?rest_route=\/wp\/v2\/posts\/10053\/revisions\/10055"}],"wp:featuredmedia":[{"embeddable":true,"href":"https:\/\/encuentroinformativo.com.mx\/index.php?rest_route=\/wp\/v2\/media\/10054"}],"wp:attachment":[{"href":"https:\/\/encuentroinformativo.com.mx\/index.php?rest_route=%2Fwp%2Fv2%2Fmedia&parent=10053"}],"wp:term":[{"taxonomy":"category","embeddable":true,"href":"https:\/\/encuentroinformativo.com.mx\/index.php?rest_route=%2Fwp%2Fv2%2Fcategories&post=10053"},{"taxonomy":"post_tag","embeddable":true,"href":"https:\/\/encuentroinformativo.com.mx\/index.php?rest_route=%2Fwp%2Fv2%2Ftags&post=10053"}],"curies":[{"name":"wp","href":"https:\/\/api.w.org\/{rel}","templated":true}]}}