{"id":10056,"date":"2021-01-14T15:03:17","date_gmt":"2021-01-14T21:03:17","guid":{"rendered":"https:\/\/encuentroinformativo.com.mx\/?p=10056"},"modified":"2021-01-14T15:03:19","modified_gmt":"2021-01-14T21:03:19","slug":"se-mantendran-bajas-temperaturas-pc","status":"publish","type":"post","link":"https:\/\/encuentroinformativo.com.mx\/?p=10056","title":{"rendered":"Se mantendr\u00e1n bajas temperaturas: PC"},"content":{"rendered":"\n<p><strong>Juan Arcos <\/strong><\/p>\n\n\n\n<p>Xalapa, Ver.- Las bajas temperaturas predominar\u00e1n en zonas serranas y de monta\u00f1a en la entidad veracruzana por el Frente Fr\u00edo n\u00famero 26.<\/p>\n\n\n\n<p>As\u00ed lo revel\u00f3 el coordinador de Fen\u00f3menos Atmosf\u00e9ricos de la Secretar\u00eda de Protecci\u00f3n Civil (PC), Jos\u00e9 Llanos Arias, quien a\u00f1adi\u00f3 que las temperaturas podr\u00edan descender a\u00fan m\u00e1s la madrugada de este jueves.<\/p>\n\n\n\n<p>\u201cEl descenso ser\u00e1 m\u00e1s, un grado tal vez, y en el resto de la semana va a continuar el fr\u00edo\u201d, enfatiz\u00f3 el meteor\u00f3logo.<\/p>\n\n\n\n<p>Adem\u00e1s, indic\u00f3 que se prev\u00e9 la ca\u00edda de agua nieve y nieve, as\u00ed como tambi\u00e9n, cencelladas, durante el fin de semana por la posible llegada de otro frente fr\u00edo a la entidad.\u00a0<\/p>\n\n\n\n<p>Record\u00f3 que la madrugada del martes se registraron temperaturas de 5 a 7\u00baC en la zona de P\u00e1nuco; en Altotonga y Perote entre los 2 y 4\u00baC; en Xalapa y Orizaba entre los 11 y 12\u00baC; y en la zona de costa entre los 15 y 17\u00baC.<\/p>\n\n\n\n<p>Cabe mencionar que ya se registraron las primeras nevadas en el Cofre de Perote y Pico de Orizaba durante esta temporada invernal.<\/p>\n\n\n\n<p>\u201cCay\u00f3 nieve pero tambi\u00e9n tuvimos la presencia de cencellada. La cencellada no es algo que caiga, es, por ejemplo, la neblina que vemos en Xalapa, pero si tuvi\u00e9ramos temperaturas muy bajas como en la monta\u00f1a, con temperaturas bajo cero, est\u00e1 niebla al tocar un cable, veh\u00edculo, se congela y a esto le llamamos cencellada\u201d, explic\u00f3 el especialista.<\/p>\n","protected":false},"excerpt":{"rendered":"<p>Juan Arcos Xalapa, Ver.- Las bajas temperaturas predominar\u00e1n en zonas serranas y de monta\u00f1a en la entidad veracruzana por el Frente Fr\u00edo n\u00famero 26. As\u00ed lo revel\u00f3 el coordinador de Fen\u00f3menos Atmosf\u00e9ricos de la Secretar\u00eda de Protecci\u00f3n Civil (PC), Jos\u00e9 Llanos Arias, quien a\u00f1adi\u00f3 que las temperaturas podr\u00edan descender a\u00fan m\u00e1s la madrugada de este [&hellip;]<\/p>\n","protected":false},"author":1,"featured_media":10057,"comment_status":"open","ping_status":"open","sticky":false,"template":"","format":"standard","meta":{"_jetpack_memberships_contains_paid_content":false,"footnotes":""},"categories":[2],"tags":[],"class_list":["post-10056","post","type-post","status-publish","format-standard","has-post-thumbnail","hentry","category-estado"],"jetpack_featured_media_url":"https:\/\/encuentroinformativo.com.mx\/wp-content\/uploads\/2021\/01\/6E11EE8C-5F23-443F-AAE0-D582639B6CE5.jpeg","jetpack_sharing_enabled":true,"jetpack_likes_enabled":true,"amp_enabled":true,"_links":{"self":[{"href":"https:\/\/encuentroinformativo.com.mx\/index.php?rest_route=\/wp\/v2\/posts\/10056","targetHints":{"allow":["GET"]}}],"collection":[{"href":"https:\/\/encuentroinformativo.com.mx\/index.php?rest_route=\/wp\/v2\/posts"}],"about":[{"href":"https:\/\/encuentroinformativo.com.mx\/index.php?rest_route=\/wp\/v2\/types\/post"}],"author":[{"embeddable":true,"href":"https:\/\/encuentroinformativo.com.mx\/index.php?rest_route=\/wp\/v2\/users\/1"}],"replies":[{"embeddable":true,"href":"https:\/\/encuentroinformativo.com.mx\/index.php?rest_route=%2Fwp%2Fv2%2Fcomments&post=10056"}],"version-history":[{"count":1,"href":"https:\/\/encuentroinformativo.com.mx\/index.php?rest_route=\/wp\/v2\/posts\/10056\/revisions"}],"predecessor-version":[{"id":10058,"href":"https:\/\/encuentroinformativo.com.mx\/index.php?rest_route=\/wp\/v2\/posts\/10056\/revisions\/10058"}],"wp:featuredmedia":[{"embeddable":true,"href":"https:\/\/encuentroinformativo.com.mx\/index.php?rest_route=\/wp\/v2\/media\/10057"}],"wp:attachment":[{"href":"https:\/\/encuentroinformativo.com.mx\/index.php?rest_route=%2Fwp%2Fv2%2Fmedia&parent=10056"}],"wp:term":[{"taxonomy":"category","embeddable":true,"href":"https:\/\/encuentroinformativo.com.mx\/index.php?rest_route=%2Fwp%2Fv2%2Fcategories&post=10056"},{"taxonomy":"post_tag","embeddable":true,"href":"https:\/\/encuentroinformativo.com.mx\/index.php?rest_route=%2Fwp%2Fv2%2Ftags&post=10056"}],"curies":[{"name":"wp","href":"https:\/\/api.w.org\/{rel}","templated":true}]}}