{"id":10059,"date":"2021-01-14T15:37:59","date_gmt":"2021-01-14T21:37:59","guid":{"rendered":"https:\/\/encuentroinformativo.com.mx\/?p=10059"},"modified":"2021-01-14T15:38:02","modified_gmt":"2021-01-14T21:38:02","slug":"fallece-padre-victor-vocero-de-la-diocesis-de-veracruz","status":"publish","type":"post","link":"https:\/\/encuentroinformativo.com.mx\/?p=10059","title":{"rendered":"Fallece Padre V\u00edctor, vocero de la Di\u00f3cesis de Veracruz"},"content":{"rendered":"\n<p><strong>Alejandro \u00c1vila<\/strong><\/p>\n\n\n\n<p>Veracruz, Ver.- La ma\u00f1ana de este jueves en la p\u00e1gina de <em>Facebook<\/em> de la Di\u00f3cesis de Veracruz, se inform\u00f3 que el vocero, V\u00edctor Manuel D\u00edaz Mendoza hab\u00eda perdido la vida alrededor de las 7 de la ma\u00f1ana.<\/p>\n\n\n\n<p>El Padre V\u00edctor, quien fung\u00eda como vocero de las actividades religiosas de la Di\u00f3cesis de Veracruz, hab\u00eda sido hospitalizado desde hace varios d\u00edas por sintomas de COVID-19, durante ese lapso, familiares hab\u00edan informado su estado de salud que, hasta reportaban como estable y en recuperaci\u00f3n; sin embargo este 14 de enero se dio la mala noticia de su muerte.<\/p>\n\n\n\n<p>Alrededor de las 10 de la ma\u00f1ana se llev\u00f3 a cabo una misa virtual, donde se pidi\u00f3 por el eterno descanso del p\u00e1rroco de la Catedral de Veracruz, as\u00ed como por todas las personas que luchan d\u00eda a d\u00eda para librar la enfermedad que le ha arrebatado la vida a m\u00e1s de 6 mil personas en toda la entidad veracruzana.<\/p>\n\n\n\n<p>Justamente, este fin de semana, del 14 al 17 de enero, el Gobierno del Estado lanz\u00f3 un decreto donde instaba a 12 municipios, entre ellos Veracruz, a que fueran cerrados los accesos viales al Centro Hist\u00f3rico, esto con la finalidad de evitar aglomeraciones, y repuntar en los casos de contagio de COVID-19.<\/p>\n\n\n\n<p>Apenas este martes 12 de enero por la tarde, hab\u00eda llegado el primer lote de vacunas contra el COVID-19, un total de 19 500 dosis que ser\u00edan aplicadas en primera instancia al personal m\u00e9dico de primera linea, llegando el otros lotes de vacunas m\u00e1s el 19 y el 26 de enero del 2021.<\/p>\n\n\n\n<p>En redes sociales, actores pol\u00edticos, empresarios, y sociedad civil lament\u00f3 el desceso del Padre V\u00edctor Manuel D\u00edaz Mendoza, un hombre conocido por su bondad, alegr\u00eda, entusiasmo, gran sentido del humor y sobre todo, por su labor de apoyo en zonas vulnerables de la sociedad.<\/p>\n","protected":false},"excerpt":{"rendered":"<p>Alejandro \u00c1vila Veracruz, Ver.- La ma\u00f1ana de este jueves en la p\u00e1gina de Facebook de la Di\u00f3cesis de Veracruz, se inform\u00f3 que el vocero, V\u00edctor Manuel D\u00edaz Mendoza hab\u00eda perdido la vida alrededor de las 7 de la ma\u00f1ana. El Padre V\u00edctor, quien fung\u00eda como vocero de las actividades religiosas de la Di\u00f3cesis de Veracruz, [&hellip;]<\/p>\n","protected":false},"author":1,"featured_media":10060,"comment_status":"open","ping_status":"open","sticky":false,"template":"","format":"standard","meta":{"_jetpack_memberships_contains_paid_content":false,"footnotes":""},"categories":[2],"tags":[],"class_list":["post-10059","post","type-post","status-publish","format-standard","has-post-thumbnail","hentry","category-estado"],"jetpack_featured_media_url":"https:\/\/encuentroinformativo.com.mx\/wp-content\/uploads\/2021\/01\/59DDA6B1-7D81-491C-811F-3532677FF391.jpeg","jetpack_sharing_enabled":true,"jetpack_likes_enabled":true,"amp_enabled":true,"_links":{"self":[{"href":"https:\/\/encuentroinformativo.com.mx\/index.php?rest_route=\/wp\/v2\/posts\/10059","targetHints":{"allow":["GET"]}}],"collection":[{"href":"https:\/\/encuentroinformativo.com.mx\/index.php?rest_route=\/wp\/v2\/posts"}],"about":[{"href":"https:\/\/encuentroinformativo.com.mx\/index.php?rest_route=\/wp\/v2\/types\/post"}],"author":[{"embeddable":true,"href":"https:\/\/encuentroinformativo.com.mx\/index.php?rest_route=\/wp\/v2\/users\/1"}],"replies":[{"embeddable":true,"href":"https:\/\/encuentroinformativo.com.mx\/index.php?rest_route=%2Fwp%2Fv2%2Fcomments&post=10059"}],"version-history":[{"count":1,"href":"https:\/\/encuentroinformativo.com.mx\/index.php?rest_route=\/wp\/v2\/posts\/10059\/revisions"}],"predecessor-version":[{"id":10061,"href":"https:\/\/encuentroinformativo.com.mx\/index.php?rest_route=\/wp\/v2\/posts\/10059\/revisions\/10061"}],"wp:featuredmedia":[{"embeddable":true,"href":"https:\/\/encuentroinformativo.com.mx\/index.php?rest_route=\/wp\/v2\/media\/10060"}],"wp:attachment":[{"href":"https:\/\/encuentroinformativo.com.mx\/index.php?rest_route=%2Fwp%2Fv2%2Fmedia&parent=10059"}],"wp:term":[{"taxonomy":"category","embeddable":true,"href":"https:\/\/encuentroinformativo.com.mx\/index.php?rest_route=%2Fwp%2Fv2%2Fcategories&post=10059"},{"taxonomy":"post_tag","embeddable":true,"href":"https:\/\/encuentroinformativo.com.mx\/index.php?rest_route=%2Fwp%2Fv2%2Ftags&post=10059"}],"curies":[{"name":"wp","href":"https:\/\/api.w.org\/{rel}","templated":true}]}}