{"id":10062,"date":"2021-01-14T15:51:12","date_gmt":"2021-01-14T21:51:12","guid":{"rendered":"https:\/\/encuentroinformativo.com.mx\/?p=10062"},"modified":"2021-01-14T15:51:14","modified_gmt":"2021-01-14T21:51:14","slug":"aplican-mas-de-6-mil-vacunas-contra-covid-en-veracruz","status":"publish","type":"post","link":"https:\/\/encuentroinformativo.com.mx\/?p=10062","title":{"rendered":"Aplican m\u00e1s de 6 mil vacunas contra COVID en Veracruz"},"content":{"rendered":"\n<p><strong>Dar\u00edo Pale <\/strong><\/p>\n\n\n\n<p>Xalapa, Ver.- El doctor Jos\u00e9 D\u00edaz T\u00e9llez, director del Centro de Alta Especialidad &#8220;Dr. Rafael Lucio&#8221;, inform\u00f3 que el\u00a0d\u00eda de hoy, jueves, en Veracruz se han aplicado 6 mil 652 vacunas contra el Covid-19, de las 19 mil 500 que llegaron este martes al Estado.<\/p>\n\n\n\n<p>En entrevista dio a conocer que esto se lo dio a conocer al presidente Andr\u00e9s Manuel L\u00f3pez Obrador, mediante un enlace, que se establecieron 44 puntos de vacunaci\u00f3n para ello, las\u00a0vacunas aplicadas hasta el momento, representa un avance del 34.1 por ciento, por lo que van en tiempo y forma, subray\u00f3.<\/p>\n\n\n\n<p>Adelant\u00f3 que en ese momento se vacunar\u00eda a la enfermera Elia Blanco Gonz\u00e1lez, trabajadora de 8 a\u00f1os de antig\u00fcedad, misma que se dedempe\u00f1a en el Unidad de Cuidados Intensivos, por lo que asegur\u00f3 al Mandatario que la vacunaci\u00f3n se ha llevado a cabo de manera coordinada, ordenada y sin incidentes.<\/p>\n\n\n\n<p>Por su parte, el Presidente agradeci\u00f3 a todos aquellos que participan en la campa\u00f1a de vacunaci\u00f3n y a los que est\u00e1n salvando vidas en los hospitales Covid,\u00a0L\u00f3pez Obrador expres\u00f3 que as\u00ed deben continuar en Veracruz, vacunando a todo el personal m\u00e9dico.<\/p>\n\n\n\n<p>Finalmente anunci\u00f3 que terminando la vacunaci\u00f3n al personal m\u00e9dico y de enfermer\u00eda comenzar\u00eda la vacunaci\u00f3n de los adultos mayores y de todo el Pa\u00eds, sin especificar una fecha.<\/p>\n","protected":false},"excerpt":{"rendered":"<p>Dar\u00edo Pale Xalapa, Ver.- El doctor Jos\u00e9 D\u00edaz T\u00e9llez, director del Centro de Alta Especialidad &#8220;Dr. Rafael Lucio&#8221;, inform\u00f3 que el\u00a0d\u00eda de hoy, jueves, en Veracruz se han aplicado 6 mil 652 vacunas contra el Covid-19, de las 19 mil 500 que llegaron este martes al Estado. En entrevista dio a conocer que esto se [&hellip;]<\/p>\n","protected":false},"author":1,"featured_media":10063,"comment_status":"open","ping_status":"open","sticky":false,"template":"","format":"standard","meta":{"_jetpack_memberships_contains_paid_content":false,"footnotes":""},"categories":[9],"tags":[],"class_list":["post-10062","post","type-post","status-publish","format-standard","has-post-thumbnail","hentry","category-salud"],"jetpack_featured_media_url":"https:\/\/encuentroinformativo.com.mx\/wp-content\/uploads\/2021\/01\/A1C0046A-F828-475F-B928-6FA7CCB3EA80.jpeg","jetpack_sharing_enabled":true,"jetpack_likes_enabled":true,"amp_enabled":true,"_links":{"self":[{"href":"https:\/\/encuentroinformativo.com.mx\/index.php?rest_route=\/wp\/v2\/posts\/10062","targetHints":{"allow":["GET"]}}],"collection":[{"href":"https:\/\/encuentroinformativo.com.mx\/index.php?rest_route=\/wp\/v2\/posts"}],"about":[{"href":"https:\/\/encuentroinformativo.com.mx\/index.php?rest_route=\/wp\/v2\/types\/post"}],"author":[{"embeddable":true,"href":"https:\/\/encuentroinformativo.com.mx\/index.php?rest_route=\/wp\/v2\/users\/1"}],"replies":[{"embeddable":true,"href":"https:\/\/encuentroinformativo.com.mx\/index.php?rest_route=%2Fwp%2Fv2%2Fcomments&post=10062"}],"version-history":[{"count":1,"href":"https:\/\/encuentroinformativo.com.mx\/index.php?rest_route=\/wp\/v2\/posts\/10062\/revisions"}],"predecessor-version":[{"id":10064,"href":"https:\/\/encuentroinformativo.com.mx\/index.php?rest_route=\/wp\/v2\/posts\/10062\/revisions\/10064"}],"wp:featuredmedia":[{"embeddable":true,"href":"https:\/\/encuentroinformativo.com.mx\/index.php?rest_route=\/wp\/v2\/media\/10063"}],"wp:attachment":[{"href":"https:\/\/encuentroinformativo.com.mx\/index.php?rest_route=%2Fwp%2Fv2%2Fmedia&parent=10062"}],"wp:term":[{"taxonomy":"category","embeddable":true,"href":"https:\/\/encuentroinformativo.com.mx\/index.php?rest_route=%2Fwp%2Fv2%2Fcategories&post=10062"},{"taxonomy":"post_tag","embeddable":true,"href":"https:\/\/encuentroinformativo.com.mx\/index.php?rest_route=%2Fwp%2Fv2%2Ftags&post=10062"}],"curies":[{"name":"wp","href":"https:\/\/api.w.org\/{rel}","templated":true}]}}