{"id":10068,"date":"2021-01-14T17:12:21","date_gmt":"2021-01-14T23:12:21","guid":{"rendered":"https:\/\/encuentroinformativo.com.mx\/?p=10068"},"modified":"2021-01-14T17:12:24","modified_gmt":"2021-01-14T23:12:24","slug":"iglesia-catolica-esta-de-luto-suazo","status":"publish","type":"post","link":"https:\/\/encuentroinformativo.com.mx\/?p=10068","title":{"rendered":"Iglesia cat\u00f3lica est\u00e1 de luto: Suazo"},"content":{"rendered":"\n<p><strong>Juan Arcos <\/strong><\/p>\n\n\n\n<p>Xalapa, Ver.- El vocero de la Arquidi\u00f3cesis de Xalapa, Jos\u00e9 Manuel Suazo Reyes, lament\u00f3 el fallecimiento de su hom\u00f3logo en la Di\u00f3cesis de Veracruz, V\u00edctor Manuel D\u00edaz Mendoza, a causa del SARS-COV-2 (COVID-19).<\/p>\n\n\n\n<p>\u201cEs una noticia que nos ha llenado de mucha tristeza, porque el Padre V\u00edctor era una persona muy conocida, un sacerdote muy trabajador y comprometido en la Di\u00f3cesis de Veracruz, adem\u00e1s muy conocido porque por muchos a\u00f1os estuvo prestando servicio en la vocer\u00eda de la Di\u00f3cesis de Veracruz\u201d, refiri\u00f3 el Presb\u00edtero.<\/p>\n\n\n\n<p>Tambi\u00e9n expres\u00f3 sus condolencias a los familiares del difunto, as\u00ed como tambi\u00e9n, a la Di\u00f3cesis de Veracruz y todas las personas que trabajaban con \u00e9l.<\/p>\n\n\n\n<p>Record\u00f3 que cuatro sacerdotes de la Arquidi\u00f3cesis de Xalapa han muerto por complicaciones en su salud, luego de contagiarse de coronavirus. Se trata de los padres Gilberto Su\u00e1rez, \u00c1lvaro Fern\u00e1ndez, Jes\u00fas L\u00f3pez y Gabriel Maga\u00f1a.<\/p>\n\n\n\n<p>\u201cEstos cuatro sacerdotes murieron por estas causas. Dos de ellos ya eran personas mayores, los otros no eran personas han grandes de edad, pero esos son los casos que tenemos en Xalapa\u201d, a\u00f1adi\u00f3 Suazo Reyes.<\/p>\n\n\n\n<p>El vocero de la Arquidi\u00f3cesis de Xalapa asegur\u00f3 que han sido aplicadas medidas sanitarias en las iglesias para evitar contagios y la propagaci\u00f3n de la enfermedad.<\/p>\n\n\n\n<p>Record\u00f3 que el a\u00f1o pasado fueron cerradas las puertas de los templos para trasmitir en redes sociales las celebraciones eucar\u00edsticas y evitar las aglomeraciones.<\/p>\n\n\n\n<p>Adem\u00e1s, en la actualidad contin\u00faan llev\u00e1ndose a cabo trabajos para la desinfecci\u00f3n de los espacios religiosos y supervisiones para garantizar la sana distancia, el uso de cubrebocas, el chequeo de la temperatura corporal y la aplicaci\u00f3n de gel antibacterial.<\/p>\n\n\n\n<p>\u201cTambi\u00e9n hemos limitado la participaci\u00f3n del personal, es decir, que no sean muchas las que est\u00e9n en los servicios para que todos aquellos que est\u00e9n en una situaci\u00f3n de riesgo no se expongan\u201d.<\/p>\n\n\n\n<p>Finalmente, coment\u00f3 que han sido canceladas todos los eventos masivos y los encuentros de catequesis, para reducir los riesgos para las personas.<\/p>\n","protected":false},"excerpt":{"rendered":"<p>Juan Arcos Xalapa, Ver.- El vocero de la Arquidi\u00f3cesis de Xalapa, Jos\u00e9 Manuel Suazo Reyes, lament\u00f3 el fallecimiento de su hom\u00f3logo en la Di\u00f3cesis de Veracruz, V\u00edctor Manuel D\u00edaz Mendoza, a causa del SARS-COV-2 (COVID-19). \u201cEs una noticia que nos ha llenado de mucha tristeza, porque el Padre V\u00edctor era una persona muy conocida, un [&hellip;]<\/p>\n","protected":false},"author":1,"featured_media":10069,"comment_status":"open","ping_status":"open","sticky":false,"template":"","format":"standard","meta":{"_jetpack_memberships_contains_paid_content":false,"footnotes":""},"categories":[3],"tags":[],"class_list":["post-10068","post","type-post","status-publish","format-standard","has-post-thumbnail","hentry","category-xalapa"],"jetpack_featured_media_url":"https:\/\/encuentroinformativo.com.mx\/wp-content\/uploads\/2021\/01\/A2E598A2-4AEC-4E2B-B097-C3B051D9608A.jpeg","jetpack_sharing_enabled":true,"jetpack_likes_enabled":true,"amp_enabled":true,"_links":{"self":[{"href":"https:\/\/encuentroinformativo.com.mx\/index.php?rest_route=\/wp\/v2\/posts\/10068","targetHints":{"allow":["GET"]}}],"collection":[{"href":"https:\/\/encuentroinformativo.com.mx\/index.php?rest_route=\/wp\/v2\/posts"}],"about":[{"href":"https:\/\/encuentroinformativo.com.mx\/index.php?rest_route=\/wp\/v2\/types\/post"}],"author":[{"embeddable":true,"href":"https:\/\/encuentroinformativo.com.mx\/index.php?rest_route=\/wp\/v2\/users\/1"}],"replies":[{"embeddable":true,"href":"https:\/\/encuentroinformativo.com.mx\/index.php?rest_route=%2Fwp%2Fv2%2Fcomments&post=10068"}],"version-history":[{"count":1,"href":"https:\/\/encuentroinformativo.com.mx\/index.php?rest_route=\/wp\/v2\/posts\/10068\/revisions"}],"predecessor-version":[{"id":10070,"href":"https:\/\/encuentroinformativo.com.mx\/index.php?rest_route=\/wp\/v2\/posts\/10068\/revisions\/10070"}],"wp:featuredmedia":[{"embeddable":true,"href":"https:\/\/encuentroinformativo.com.mx\/index.php?rest_route=\/wp\/v2\/media\/10069"}],"wp:attachment":[{"href":"https:\/\/encuentroinformativo.com.mx\/index.php?rest_route=%2Fwp%2Fv2%2Fmedia&parent=10068"}],"wp:term":[{"taxonomy":"category","embeddable":true,"href":"https:\/\/encuentroinformativo.com.mx\/index.php?rest_route=%2Fwp%2Fv2%2Fcategories&post=10068"},{"taxonomy":"post_tag","embeddable":true,"href":"https:\/\/encuentroinformativo.com.mx\/index.php?rest_route=%2Fwp%2Fv2%2Ftags&post=10068"}],"curies":[{"name":"wp","href":"https:\/\/api.w.org\/{rel}","templated":true}]}}