{"id":10072,"date":"2021-01-15T07:45:31","date_gmt":"2021-01-15T13:45:31","guid":{"rendered":"https:\/\/encuentroinformativo.com.mx\/?p=10072"},"modified":"2021-01-15T01:38:31","modified_gmt":"2021-01-15T07:38:31","slug":"demencia-senil-de-la-presidenta-del-tsj","status":"publish","type":"post","link":"https:\/\/encuentroinformativo.com.mx\/?p=10072","title":{"rendered":"\u00bfDEMENCIA SENIL DE LA PRESIDENTA DEL TSJ?"},"content":{"rendered":"\n<p><strong>+ Falso lo de la vacuna antiCovid aplicada al gober.<br>+ Que se fue Fernandito Perrier a &#8220;Mayami&#8221;.<br>+ \u00bfY si se cancelan las elecciones por pandemia?<br><br><em>Que el gobierno de M\u00e9xico rechaz\u00f3 equipos para control de armas y no solicit\u00f3 extradici\u00f3n de traficantes de armas detenidos en Estados Unidos y que se les busca en M\u00e9xico. Lo dijo el embajador Christopher Landau&#8230; \u00a1MOKOS!<br>&#8211;Chopenjawer<\/em><\/strong><\/p>\n\n\n\n<p>Una fuente al interior del Poder Judicial (que pide el anonimato por razones obvias) comenta a este columnista sobre una situaci\u00f3n que, de ser confirmada, es realmente preocupante:<\/p>\n\n\n\n<p>&#8220;A la presidenta le falla la memoria; no la pueden dejar sola y permanentemente tiene que estar acompa\u00f1ada porque a veces ni siquiera sabe d\u00f3nde est\u00e1&#8230; Tiene una demencia senil muy muy grave. Todo se le olvida. Tienen que estarla cuidando dos personas. El caso es delicado: se olvida de las personas, de d\u00f3nde est\u00e1&#8230;&#8221;<\/p>\n\n\n\n<p>Do\u00f1a Isabel In\u00e9s Romero Cruz, seg\u00fan comentan, ya est\u00e1 pr\u00e1cticamente en sus 70 a\u00f1os, por lo que, de acuerdo los lineamientos del Poder Judicial, su llegada como presidenta del Tribunal Superior de Justicia (TSJ) ser\u00eda algo ef\u00edmero porque proceder\u00eda a la jubilaci\u00f3n en un futuro cercano.<\/p>\n\n\n\n<p>Y es que al parecer, quienes la impulsaron no se dieron cuenta de que la se\u00f1ora cumple 70 este a\u00f1o; a partir de ese momento todos sus actos jur\u00eddicos ser\u00edan nulos de pleno derecho, seg\u00fan comentan al interior del Poder Judicial.<\/p>\n\n\n\n<p>Pero no es de sorprenderse: si van 17 reviradas por parte de la Suprema Corte de Justicia al Congreso de Veracruz (entre ellas, la fallida Reforma Electoral), era obvio que no pusieron atenci\u00f3n en el detalle de a qui\u00e9n impulsaban para titular del TSJ.<\/p>\n\n\n\n<p>Como se recordar\u00e1, ella &#8220;sustituy\u00f3&#8221; a Sof\u00eda Mart\u00ednez Huerta, quien sali\u00f3 en medio de un sainete orquestado para destituirla. Ese d\u00eda (inh\u00e1bil) Romero Cruz fue &#8220;elegida&#8221; como nueva titular del Poder Judicial.<\/p>\n\n\n\n<p>Las horas siguientes fueron de esc\u00e1ndalo nacional porque se sabr\u00eda que Mart\u00ednez Huerta hablar\u00eda de inmediato con la secretaria de Gobernaci\u00f3n, Olga S\u00e1nchez Cordero; posteriormente entrar\u00eda en directo al noticiero vespertino del periodista Joaqu\u00edn L\u00f3pez-D\u00f3riga para denunciar la situaci\u00f3n.<\/p>\n\n\n\n<p>Ah\u00ed en ese espacio informativo, la magistrada daba a conocer que hab\u00eda sido suplantada de mala manera, a base de presiones y por la fuerza, pero que adem\u00e1s hab\u00eda recibido amenazas por parte del secretario de Gobierno, Eric Cisneros, para que dejara el cargo.<\/p>\n\n\n\n<p>Volviendo al tema de la magistrada presidenta Isabel In\u00e9s Romero Cruz: en el mismo Poder Judicial se sabe que por la edad avanzada de la se\u00f1ora, le cuesta trabajo mantenerse despierta en reuniones y no son pocas las veces que se le ha visto dormitando.<\/p>\n\n\n\n<p>El asunto no deber\u00eda ser tomado a la ligera, pues es la titular de uno de los tres poderes del Estado.<\/p>\n\n\n\n<p>\u00bfSer\u00e1 que ya tendr\u00e1n listo un Plan B o van a improvisar como la \u00faltima vez todo al &#8220;xhingadaso&#8221;?<\/p>\n\n\n\n<p><strong>NOTA PARA PEGAR EN EL REFRI:&nbsp;<\/strong>Que trataron de armar una noticia falsa con una foto del gobernador Cuitl\u00e1huac Garc\u00eda Jim\u00e9nez recibiendo una vacuna contra la influenza en octubre del a\u00f1o pasado, haci\u00e9ndola pasar por vacuna contra el Covid. Luego porque nadie les cree, \u00a1pa&#8217; vatos!<\/p>\n\n\n\n<p><strong>OTRA NOTA:&nbsp;<\/strong>Que el alcalde de Veracruz, Fernando Yunes, en plena pandemia, habr\u00eda tomado la &#8220;inteligente&#8221; decisi\u00f3n de irse de vacaciones, justo cuando la ciudad de Veracruz tiene confirmado 9 mil 631 casos de COVID-19 y 1,196 muertes&#8230; Seg\u00fan los chismosos del puerto de Veracruz, el edil viaj\u00f3 la tarde de este jueves a Miami, Florida.<\/p>\n\n\n\n<p><strong>LA \u00daLTIMA PORQUE ES VIEEEERNEEEEES:<\/strong>\u00a0Por el Covid19 ya cancelaron las fiestas de Tlacotalpan, el Carnaval de Veracruz, es probable tambi\u00e9n que la Cumbre Taj\u00edn (que tristemente ya parece fiesta patronal de barrio o peda de vecindad)&#8230; \u00bfY las elecciones? All\u00e1 en el gabacho se demostr\u00f3 que se logr\u00f3 sacar a Donald Trump a trav\u00e9s de m\u00e9todos como el sufragio adelantado o por correo, aparte de la masiva votaci\u00f3n presencial pese a la pandemia, pero ac\u00e1 en la aldea no se ve como que est\u00e9n planeando la situaci\u00f3n. Ya de entrada, el secretario de Salud de Nuevo Le\u00f3n, Manuel Enrique de la O Cavazos, dijo este jueves que si no disminuyen los contagios y decesos por Covid-19 suspender\u00e1n o pospondr\u00e1n las elecciones de junio en ese estado.<\/p>\n\n\n\n<p><strong>@pablojair<\/strong><\/p>\n","protected":false},"excerpt":{"rendered":"<p>+ Falso lo de la vacuna antiCovid aplicada al gober.+ Que se fue Fernandito Perrier a &#8220;Mayami&#8221;.+ \u00bfY si se cancelan las elecciones por pandemia? Que el gobierno de M\u00e9xico rechaz\u00f3 equipos para control de armas y no solicit\u00f3 extradici\u00f3n de traficantes de armas detenidos en Estados Unidos y que se les busca en M\u00e9xico. [&hellip;]<\/p>\n","protected":false},"author":1,"featured_media":488,"comment_status":"open","ping_status":"open","sticky":false,"template":"","format":"standard","meta":{"_jetpack_memberships_contains_paid_content":false,"footnotes":""},"categories":[11],"tags":[],"class_list":["post-10072","post","type-post","status-publish","format-standard","has-post-thumbnail","hentry","category-opinion"],"jetpack_featured_media_url":"https:\/\/encuentroinformativo.com.mx\/wp-content\/uploads\/2020\/03\/F471F608-BA1A-416B-BA7B-BCFB24F4E6D0.jpeg","jetpack_sharing_enabled":true,"jetpack_likes_enabled":true,"amp_enabled":true,"_links":{"self":[{"href":"https:\/\/encuentroinformativo.com.mx\/index.php?rest_route=\/wp\/v2\/posts\/10072","targetHints":{"allow":["GET"]}}],"collection":[{"href":"https:\/\/encuentroinformativo.com.mx\/index.php?rest_route=\/wp\/v2\/posts"}],"about":[{"href":"https:\/\/encuentroinformativo.com.mx\/index.php?rest_route=\/wp\/v2\/types\/post"}],"author":[{"embeddable":true,"href":"https:\/\/encuentroinformativo.com.mx\/index.php?rest_route=\/wp\/v2\/users\/1"}],"replies":[{"embeddable":true,"href":"https:\/\/encuentroinformativo.com.mx\/index.php?rest_route=%2Fwp%2Fv2%2Fcomments&post=10072"}],"version-history":[{"count":1,"href":"https:\/\/encuentroinformativo.com.mx\/index.php?rest_route=\/wp\/v2\/posts\/10072\/revisions"}],"predecessor-version":[{"id":10073,"href":"https:\/\/encuentroinformativo.com.mx\/index.php?rest_route=\/wp\/v2\/posts\/10072\/revisions\/10073"}],"wp:featuredmedia":[{"embeddable":true,"href":"https:\/\/encuentroinformativo.com.mx\/index.php?rest_route=\/wp\/v2\/media\/488"}],"wp:attachment":[{"href":"https:\/\/encuentroinformativo.com.mx\/index.php?rest_route=%2Fwp%2Fv2%2Fmedia&parent=10072"}],"wp:term":[{"taxonomy":"category","embeddable":true,"href":"https:\/\/encuentroinformativo.com.mx\/index.php?rest_route=%2Fwp%2Fv2%2Fcategories&post=10072"},{"taxonomy":"post_tag","embeddable":true,"href":"https:\/\/encuentroinformativo.com.mx\/index.php?rest_route=%2Fwp%2Fv2%2Ftags&post=10072"}],"curies":[{"name":"wp","href":"https:\/\/api.w.org\/{rel}","templated":true}]}}