{"id":10086,"date":"2021-01-15T12:14:02","date_gmt":"2021-01-15T18:14:02","guid":{"rendered":"https:\/\/encuentroinformativo.com.mx\/?p=10086"},"modified":"2021-01-15T12:14:05","modified_gmt":"2021-01-15T18:14:05","slug":"pueblos-originarios-reclaman-espacios-ante-proxima-contienda-electoral","status":"publish","type":"post","link":"https:\/\/encuentroinformativo.com.mx\/?p=10086","title":{"rendered":"Pueblos Originarios reclaman espacios ante pr\u00f3xima contienda electoral"},"content":{"rendered":"\n<p><strong>Dar\u00edo Pale <\/strong><\/p>\n\n\n\n<p>Xalapa, Ver.- Integrantes de los Pueblos Originarios del estado de Veracruz dieron a conocer que tanto el gobierno federal y estatal no les ha otorgado apoyos de ning\u00fan tipo y en esta \u00e9poca electoral solo los toman en cuenta para el voto pero no hay quien los represente o sea candidato para las pr\u00f3xima contienda electoral.<\/p>\n\n\n\n<p>En conferencia de prensa realizada en conocido caf\u00e9 del centro de Xalapa, Agust\u00edn Carpio P\u00e9rez representante de la organizaci\u00f3n Pueblos Originarios en Movimiento de Veracruz y Ariel Zamora Estillado presidente del consejo ind\u00edgena del valle del Uxpanapa, se\u00f1alaron que no han tenido la respuesta esperada para ser tomados en cuenta en cuanto a la impartici\u00f3n de justicia y programas de desarrollo social.<\/p>\n\n\n\n<p>Ariel Zamora inform\u00f3 que uno de los principales obst\u00e1culos que tienen los pueblos ind\u00edgenas es el acceso a la justicia ya que la fiscal\u00eda de asuntos ind\u00edgenas no est\u00e1 funcionando como deber\u00eda ya que en el Valle de Uxpanapa existen muchos casos de impunidad, ya que a muchos tienen carpetas que no les han dado seguimiento incluso \u00e9l se ha visto afectado ya que es v\u00edctima de un despojo y amenazas de muerte.<\/p>\n\n\n\n<p>Por lo anterior acusaron que el fiscal Coordinador Hern\u00e1n Cort\u00e9s no les ha dado la cara por lo que las instituciones les han fallado por el favoritismo y el compadrazgo, por lo que lamentablemente sufren la exclusi\u00f3n en la elaboraci\u00f3n del plan de desarrollo municipal y eso no ha sucedido con los ind\u00edgenas, ya que muchos hacen una agenda y solo les dan lo que quieren y no lo que en realidad les hace falta los trata como si fueran &#8220;idiotas&#8221;.<\/p>\n\n\n\n<p>Se\u00f1alaron que son excluidos en los comicios electorales ya que los j\u00f3venes no los toman en cuenta para participar en las planillas de los distintos partidos pol\u00edticos, siempre buscan a los &#8220;viejos lobos de mar&#8221;, que tengan dinero y c\u00f3mo comprar los votos por lo que la mayor\u00eda los discrimina.<\/p>\n\n\n\n<p>Por su parte Agust\u00edn Carpio dio a conocer que invitan a los partidos pol\u00edticos a que los tomen en cuenta y tengan un candidato ind\u00edgena que sea aut\u00f3ctono de los pueblos ind\u00edgenas ya que hay muchos casos que con tal de subsanar este requisito ponen a personas que nada tienen que ver con los grupos ind\u00edgenas, por lo que tienen la intenci\u00f3n de crear el observatorio de derechos ind\u00edgenas en el estado para brindar acompa\u00f1amiento a las instituciones p\u00fablicas que no puedan desarrollar sus objetivos.<\/p>\n\n\n\n<p>Se\u00f1alaron que hay un rezago agrario enorme ya que en los documentos oficiales dicen que solo un cinco por ciento est\u00e1 rezagado y el 95 por ciento est\u00e1 terminado lo cual es mentira ya que no pueden acceder a pr\u00e9stamos para poder trabajar su tierra ya que no tienen certeza jur\u00eddica en sus tierras.<\/p>\n\n\n\n<p>Finalmente se\u00f1alaron que los ejidos y las comunidades agrarias cuando van al tribunal citan el C\u00f3digo Civil que no tiene nada que ver con lo agrario por lo que hace falta un c\u00f3digo agrario por medio de una reforma estructural, por lo que est\u00e1n indefensos con esa ley por lo que los ind\u00edgenas necesitan ser sujetos de derecho y no de exhibici\u00f3n ya que solo van a la zona a tomarse fotos con personas con ropas tradicionales.<\/p>\n","protected":false},"excerpt":{"rendered":"<p>Dar\u00edo Pale Xalapa, Ver.- Integrantes de los Pueblos Originarios del estado de Veracruz dieron a conocer que tanto el gobierno federal y estatal no les ha otorgado apoyos de ning\u00fan tipo y en esta \u00e9poca electoral solo los toman en cuenta para el voto pero no hay quien los represente o sea candidato para las [&hellip;]<\/p>\n","protected":false},"author":1,"featured_media":10087,"comment_status":"open","ping_status":"open","sticky":false,"template":"","format":"standard","meta":{"_jetpack_memberships_contains_paid_content":false,"footnotes":""},"categories":[2],"tags":[],"class_list":["post-10086","post","type-post","status-publish","format-standard","has-post-thumbnail","hentry","category-estado"],"jetpack_featured_media_url":"https:\/\/encuentroinformativo.com.mx\/wp-content\/uploads\/2021\/01\/A1FF5270-7359-426D-982D-D517F8247F71.jpeg","jetpack_sharing_enabled":true,"jetpack_likes_enabled":true,"amp_enabled":true,"_links":{"self":[{"href":"https:\/\/encuentroinformativo.com.mx\/index.php?rest_route=\/wp\/v2\/posts\/10086","targetHints":{"allow":["GET"]}}],"collection":[{"href":"https:\/\/encuentroinformativo.com.mx\/index.php?rest_route=\/wp\/v2\/posts"}],"about":[{"href":"https:\/\/encuentroinformativo.com.mx\/index.php?rest_route=\/wp\/v2\/types\/post"}],"author":[{"embeddable":true,"href":"https:\/\/encuentroinformativo.com.mx\/index.php?rest_route=\/wp\/v2\/users\/1"}],"replies":[{"embeddable":true,"href":"https:\/\/encuentroinformativo.com.mx\/index.php?rest_route=%2Fwp%2Fv2%2Fcomments&post=10086"}],"version-history":[{"count":1,"href":"https:\/\/encuentroinformativo.com.mx\/index.php?rest_route=\/wp\/v2\/posts\/10086\/revisions"}],"predecessor-version":[{"id":10088,"href":"https:\/\/encuentroinformativo.com.mx\/index.php?rest_route=\/wp\/v2\/posts\/10086\/revisions\/10088"}],"wp:featuredmedia":[{"embeddable":true,"href":"https:\/\/encuentroinformativo.com.mx\/index.php?rest_route=\/wp\/v2\/media\/10087"}],"wp:attachment":[{"href":"https:\/\/encuentroinformativo.com.mx\/index.php?rest_route=%2Fwp%2Fv2%2Fmedia&parent=10086"}],"wp:term":[{"taxonomy":"category","embeddable":true,"href":"https:\/\/encuentroinformativo.com.mx\/index.php?rest_route=%2Fwp%2Fv2%2Fcategories&post=10086"},{"taxonomy":"post_tag","embeddable":true,"href":"https:\/\/encuentroinformativo.com.mx\/index.php?rest_route=%2Fwp%2Fv2%2Ftags&post=10086"}],"curies":[{"name":"wp","href":"https:\/\/api.w.org\/{rel}","templated":true}]}}