{"id":10089,"date":"2021-01-15T13:05:55","date_gmt":"2021-01-15T19:05:55","guid":{"rendered":"https:\/\/encuentroinformativo.com.mx\/?p=10089"},"modified":"2021-01-15T13:05:58","modified_gmt":"2021-01-15T19:05:58","slug":"trabajadores-de-la-educacion-solicitan-no-retornar-a-clases-presenciales","status":"publish","type":"post","link":"https:\/\/encuentroinformativo.com.mx\/?p=10089","title":{"rendered":"Trabajadores de la educaci\u00f3n, solicitan no retornar a clases presenciales"},"content":{"rendered":"\n<p><strong>Dar\u00edo Pale <\/strong><\/p>\n\n\n\n<p>Xalapa, Ver.- El\u00a0dirigente estatal Avith Moctezuma Uscanga del\u00a0Gremio Nacional de Trabajadores de la Educaci\u00f3n (GNTE),\u00a0lanz\u00f3 un llamado a la Secretar\u00eda de Educaci\u00f3n del Estado, para que no haya un regreso presencial adelantado.<\/p>\n\n\n\n<p>En conferencia de prensa realizado en conocido hotel de Xalapa, asever\u00f3 que en el caso de que quieran que as\u00ed sea, emitir\u00e1n un posicionamiento a nombre de los agremiados a este sindicato federal,\u00a0&#8220;creemos que es complicado, creemos que no hay las condiciones. En este momento vivimos una crisis, van a venir m\u00e1s restricciones, no creemos que haya las condiciones para regresar en el primer trimestre de este a\u00f1o&#8221;.<\/p>\n\n\n\n<p>Dio a conocer que en todo caso deber\u00e1n ser vacunados para poder reincorporarse a las actividades presenciales y tener la confianza de que pueden interactuar con los trabajadores y los estudiantes.<\/p>\n\n\n\n<p>En otro orden de ideas expres\u00f3 que de manera paulatina han sido atendidas las demandas de cambios de adscripci\u00f3n, incluso este mi\u00e9rcoles la oficial mayor, Ariadna Selene Aguilar Amaya, los recibi\u00f3 y hubo avances importantes, aunque todav\u00eda hay pendientes, adem\u00e1s de\u00a0que las aportaciones federalizadas, tras una gesti\u00f3n de 34 quincenas, ya aparecen en los talones de cheques desde la primera de enero.<\/p>\n\n\n\n<p>Finalmente se\u00f1alaron que, &#8220;se encuentra localizada la clave J3. Como Gremio Nacional de Trabajadores de la Educaci\u00f3n es la clave que corresponde a la clave sindical asignada para nosotros&#8221;, destac\u00f3 y lament\u00f3 que a pesar de que se iniciaron los tr\u00e1mites desde junio de 2019, apenas aparece.<\/p>\n","protected":false},"excerpt":{"rendered":"<p>Dar\u00edo Pale Xalapa, Ver.- El\u00a0dirigente estatal Avith Moctezuma Uscanga del\u00a0Gremio Nacional de Trabajadores de la Educaci\u00f3n (GNTE),\u00a0lanz\u00f3 un llamado a la Secretar\u00eda de Educaci\u00f3n del Estado, para que no haya un regreso presencial adelantado. En conferencia de prensa realizado en conocido hotel de Xalapa, asever\u00f3 que en el caso de que quieran que as\u00ed sea, [&hellip;]<\/p>\n","protected":false},"author":1,"featured_media":10090,"comment_status":"open","ping_status":"open","sticky":false,"template":"","format":"standard","meta":{"_jetpack_memberships_contains_paid_content":false,"footnotes":""},"categories":[3],"tags":[],"class_list":["post-10089","post","type-post","status-publish","format-standard","has-post-thumbnail","hentry","category-xalapa"],"jetpack_featured_media_url":"https:\/\/encuentroinformativo.com.mx\/wp-content\/uploads\/2021\/01\/BAE79182-F3A0-408E-A4AE-9F30A9349B53.jpeg","jetpack_sharing_enabled":true,"jetpack_likes_enabled":true,"amp_enabled":true,"_links":{"self":[{"href":"https:\/\/encuentroinformativo.com.mx\/index.php?rest_route=\/wp\/v2\/posts\/10089","targetHints":{"allow":["GET"]}}],"collection":[{"href":"https:\/\/encuentroinformativo.com.mx\/index.php?rest_route=\/wp\/v2\/posts"}],"about":[{"href":"https:\/\/encuentroinformativo.com.mx\/index.php?rest_route=\/wp\/v2\/types\/post"}],"author":[{"embeddable":true,"href":"https:\/\/encuentroinformativo.com.mx\/index.php?rest_route=\/wp\/v2\/users\/1"}],"replies":[{"embeddable":true,"href":"https:\/\/encuentroinformativo.com.mx\/index.php?rest_route=%2Fwp%2Fv2%2Fcomments&post=10089"}],"version-history":[{"count":1,"href":"https:\/\/encuentroinformativo.com.mx\/index.php?rest_route=\/wp\/v2\/posts\/10089\/revisions"}],"predecessor-version":[{"id":10091,"href":"https:\/\/encuentroinformativo.com.mx\/index.php?rest_route=\/wp\/v2\/posts\/10089\/revisions\/10091"}],"wp:featuredmedia":[{"embeddable":true,"href":"https:\/\/encuentroinformativo.com.mx\/index.php?rest_route=\/wp\/v2\/media\/10090"}],"wp:attachment":[{"href":"https:\/\/encuentroinformativo.com.mx\/index.php?rest_route=%2Fwp%2Fv2%2Fmedia&parent=10089"}],"wp:term":[{"taxonomy":"category","embeddable":true,"href":"https:\/\/encuentroinformativo.com.mx\/index.php?rest_route=%2Fwp%2Fv2%2Fcategories&post=10089"},{"taxonomy":"post_tag","embeddable":true,"href":"https:\/\/encuentroinformativo.com.mx\/index.php?rest_route=%2Fwp%2Fv2%2Ftags&post=10089"}],"curies":[{"name":"wp","href":"https:\/\/api.w.org\/{rel}","templated":true}]}}