{"id":10096,"date":"2021-01-15T13:44:01","date_gmt":"2021-01-15T19:44:01","guid":{"rendered":"https:\/\/encuentroinformativo.com.mx\/?p=10096"},"modified":"2021-01-15T13:44:04","modified_gmt":"2021-01-15T19:44:04","slug":"se-entregaran-a-familiares-restos-localizados-en-fosas-de-la-gallera-colectivo","status":"publish","type":"post","link":"https:\/\/encuentroinformativo.com.mx\/?p=10096","title":{"rendered":"Se entregar\u00e1n a familiares restos localizados en fosas de La Gallera: Colectivo"},"content":{"rendered":"\n<p><strong>Juan Arcos <\/strong><\/p>\n\n\n\n<p>Xalapa, Ver.- Maricel Torres Melo, integrante del colectivo de Poza Rica \u201cMar\u00eda Herrera\u201d, revel\u00f3 que en las pr\u00f3ximas dos semanas ser\u00e1n entregados los restos de seis personas localizadas en fosas clandestinas del predio La Gallera, municipio de Tihuatl\u00e1n.<\/p>\n\n\n\n<p>La entrevistada mencion\u00f3 que el tr\u00e1mite debi\u00f3 llevarse a cabo desde diciembre pasado; sin embargo, el proceso se retras\u00f3 en las prueba de ADN para su identificaci\u00f3n.<\/p>\n\n\n\n<p>A\u00f1adi\u00f3 que durante los \u00faltimos dos a\u00f1os se ha logrado identificar los restos de 40 personas que se encontraban desaparecidas y que fueron inhumadas de manera ilegal.<\/p>\n\n\n\n<p>\u201cTan s\u00f3lo en La Gallera eran seis cuerpos que encontramos en fosas, totalmente desmembrados, ahorita estamos esperando que nos los entreguen. Se hab\u00eda hecho un compromiso que en diciembre, no se pudo porque hubo problemas con las pruebas de ADN, pero ahorita en enero ya nos confirmaron que va a ser la entrega de esos seis cuerpos que faltan\u201d, expres\u00f3.<\/p>\n\n\n\n<p>Adem\u00e1s, detall\u00f3 que a finales de 2020 se unieron m\u00e1s familiares de desparecidos al colectivo mencionado, quienes requer\u00edan asesor\u00eda para presentar las denuncias correspondientes en la Fiscal\u00eda General del Estado (FGE).<\/p>\n\n\n\n<p>\u201cSon familias de larga data, que no tienen denuncia. Nosotros las orientamos, las apoyamos y logran poner su denuncia\u201d.<\/p>\n\n\n\n<p>Torres Melo dio a conocer que hasta el momento el colectivo \u201cMar\u00eda Herrera\u201d agrupa a 150 familias que buscan a sus seres queridos en la zona norte de la entidad veracruzana.<\/p>\n","protected":false},"excerpt":{"rendered":"<p>Juan Arcos Xalapa, Ver.- Maricel Torres Melo, integrante del colectivo de Poza Rica \u201cMar\u00eda Herrera\u201d, revel\u00f3 que en las pr\u00f3ximas dos semanas ser\u00e1n entregados los restos de seis personas localizadas en fosas clandestinas del predio La Gallera, municipio de Tihuatl\u00e1n. La entrevistada mencion\u00f3 que el tr\u00e1mite debi\u00f3 llevarse a cabo desde diciembre pasado; sin embargo, [&hellip;]<\/p>\n","protected":false},"author":1,"featured_media":10097,"comment_status":"open","ping_status":"open","sticky":false,"template":"","format":"standard","meta":{"_jetpack_memberships_contains_paid_content":false,"footnotes":""},"categories":[2],"tags":[],"class_list":["post-10096","post","type-post","status-publish","format-standard","has-post-thumbnail","hentry","category-estado"],"jetpack_featured_media_url":"https:\/\/encuentroinformativo.com.mx\/wp-content\/uploads\/2021\/01\/58C60579-07CE-4DC1-A54D-4BF1466CDDB5.jpeg","jetpack_sharing_enabled":true,"jetpack_likes_enabled":true,"amp_enabled":true,"_links":{"self":[{"href":"https:\/\/encuentroinformativo.com.mx\/index.php?rest_route=\/wp\/v2\/posts\/10096","targetHints":{"allow":["GET"]}}],"collection":[{"href":"https:\/\/encuentroinformativo.com.mx\/index.php?rest_route=\/wp\/v2\/posts"}],"about":[{"href":"https:\/\/encuentroinformativo.com.mx\/index.php?rest_route=\/wp\/v2\/types\/post"}],"author":[{"embeddable":true,"href":"https:\/\/encuentroinformativo.com.mx\/index.php?rest_route=\/wp\/v2\/users\/1"}],"replies":[{"embeddable":true,"href":"https:\/\/encuentroinformativo.com.mx\/index.php?rest_route=%2Fwp%2Fv2%2Fcomments&post=10096"}],"version-history":[{"count":1,"href":"https:\/\/encuentroinformativo.com.mx\/index.php?rest_route=\/wp\/v2\/posts\/10096\/revisions"}],"predecessor-version":[{"id":10098,"href":"https:\/\/encuentroinformativo.com.mx\/index.php?rest_route=\/wp\/v2\/posts\/10096\/revisions\/10098"}],"wp:featuredmedia":[{"embeddable":true,"href":"https:\/\/encuentroinformativo.com.mx\/index.php?rest_route=\/wp\/v2\/media\/10097"}],"wp:attachment":[{"href":"https:\/\/encuentroinformativo.com.mx\/index.php?rest_route=%2Fwp%2Fv2%2Fmedia&parent=10096"}],"wp:term":[{"taxonomy":"category","embeddable":true,"href":"https:\/\/encuentroinformativo.com.mx\/index.php?rest_route=%2Fwp%2Fv2%2Fcategories&post=10096"},{"taxonomy":"post_tag","embeddable":true,"href":"https:\/\/encuentroinformativo.com.mx\/index.php?rest_route=%2Fwp%2Fv2%2Ftags&post=10096"}],"curies":[{"name":"wp","href":"https:\/\/api.w.org\/{rel}","templated":true}]}}