{"id":10099,"date":"2021-01-15T14:00:30","date_gmt":"2021-01-15T20:00:30","guid":{"rendered":"https:\/\/encuentroinformativo.com.mx\/?p=10099"},"modified":"2021-01-15T14:00:33","modified_gmt":"2021-01-15T20:00:33","slug":"confinamiento-sigue-aumentando-estres-en-la-poblacion-senala-especialista","status":"publish","type":"post","link":"https:\/\/encuentroinformativo.com.mx\/?p=10099","title":{"rendered":"Confinamiento sigue aumentando estr\u00e9s en la poblaci\u00f3n, se\u00f1ala Especialista"},"content":{"rendered":"\n<p><strong>Juan Arcos <\/strong><\/p>\n\n\n\n<p>Xalapa, Ver.- El incremento del estr\u00e9s por el confinamiento durante esta pandemia del SARS-COV-2 (COVID-19) podr\u00eda motivar a las personas al suicidio, alert\u00f3 V\u00edctor Manuel Villanueva Hern\u00e1ndez, director del Instituto Veracruzano de la Salud Mental (ISM) \u201cDoctor Rafael Velasco Fern\u00e1ndez\u201d.<\/p>\n\n\n\n<p>El m\u00e9dico especialista en Psiquiatr\u00eda se\u00f1al\u00f3 que las personas est\u00e1n padeciendo un trastorno de estr\u00e9s agudo por las condiciones sociales y econ\u00f3micas que ha ocasionado emergencia sanitaria.<\/p>\n\n\n\n<p>\u201cEn el suicidio influyen muchos factores, desde los biol\u00f3gicos. A veces tenemos poca tolerancia a la frustraci\u00f3n, no nos gusta a que nos obliguen a ciertas situaciones o al estr\u00e9s y a la adaptaci\u00f3n, entonces ah\u00ed es cuando encontramos el suicidio\u201d.<\/p>\n\n\n\n<p>A su juicio, ha sido notorio el estr\u00e9s social y sanitario por la necesidad de las personas de mantener la sana distancia para evitar contagios y la propagaci\u00f3n de la enfermedad.\u00a0<br>\u201cSe habla de un trastorno de estr\u00e9s agudo, que es una respuesta del organismo no tan normal, lo normal ser\u00eda cualquier susto, cualquier miedo, pero aqu\u00ed lo que est\u00e1 present\u00e1ndose es el incremento y la continuidad de lo que vemos\u201d.<\/p>\n\n\n\n<p>El especialista detall\u00f3 que el contacto directo con noticias en medios de comunicaci\u00f3n sobre el escenario que ha generado la pandemia, tambi\u00e9n ha incrementado el estr\u00e9s en las personas.<\/p>\n\n\n\n<p>\u201cEste boom de noticias tambi\u00e9n incrementa el estr\u00e9s, la respuesta fisiol\u00f3gica y psicol\u00f3gica del organismo y la falta de soluciones podr\u00edamos apreciarla, como lo mencionaba al principio, como suicidio\u201d.<\/p>\n\n\n\n<p>Adem\u00e1s, indic\u00f3 que las y los ciudadanos tienen que aprender a adaptarse y garantizar un sano ambiente en el entorno primario, que es el hogar y la familia.<\/p>\n\n\n\n<p>Villanueva Hern\u00e1ndez mencion\u00f3 que se ha trabajado en l\u00ednea con pacientes para el manejo del estr\u00e9s y se ha supervisado que no sean suspendidos sus terapias y tratamientos farmacol\u00f3gicos.<\/p>\n","protected":false},"excerpt":{"rendered":"<p>Juan Arcos Xalapa, Ver.- El incremento del estr\u00e9s por el confinamiento durante esta pandemia del SARS-COV-2 (COVID-19) podr\u00eda motivar a las personas al suicidio, alert\u00f3 V\u00edctor Manuel Villanueva Hern\u00e1ndez, director del Instituto Veracruzano de la Salud Mental (ISM) \u201cDoctor Rafael Velasco Fern\u00e1ndez\u201d. El m\u00e9dico especialista en Psiquiatr\u00eda se\u00f1al\u00f3 que las personas est\u00e1n padeciendo un trastorno [&hellip;]<\/p>\n","protected":false},"author":1,"featured_media":10100,"comment_status":"open","ping_status":"open","sticky":false,"template":"","format":"standard","meta":{"_jetpack_memberships_contains_paid_content":false,"footnotes":""},"categories":[9],"tags":[],"class_list":["post-10099","post","type-post","status-publish","format-standard","has-post-thumbnail","hentry","category-salud"],"jetpack_featured_media_url":"https:\/\/encuentroinformativo.com.mx\/wp-content\/uploads\/2021\/01\/B6898197-6B9F-420C-AEDB-C5CC3440FA7C.jpeg","jetpack_sharing_enabled":true,"jetpack_likes_enabled":true,"amp_enabled":true,"_links":{"self":[{"href":"https:\/\/encuentroinformativo.com.mx\/index.php?rest_route=\/wp\/v2\/posts\/10099","targetHints":{"allow":["GET"]}}],"collection":[{"href":"https:\/\/encuentroinformativo.com.mx\/index.php?rest_route=\/wp\/v2\/posts"}],"about":[{"href":"https:\/\/encuentroinformativo.com.mx\/index.php?rest_route=\/wp\/v2\/types\/post"}],"author":[{"embeddable":true,"href":"https:\/\/encuentroinformativo.com.mx\/index.php?rest_route=\/wp\/v2\/users\/1"}],"replies":[{"embeddable":true,"href":"https:\/\/encuentroinformativo.com.mx\/index.php?rest_route=%2Fwp%2Fv2%2Fcomments&post=10099"}],"version-history":[{"count":1,"href":"https:\/\/encuentroinformativo.com.mx\/index.php?rest_route=\/wp\/v2\/posts\/10099\/revisions"}],"predecessor-version":[{"id":10101,"href":"https:\/\/encuentroinformativo.com.mx\/index.php?rest_route=\/wp\/v2\/posts\/10099\/revisions\/10101"}],"wp:featuredmedia":[{"embeddable":true,"href":"https:\/\/encuentroinformativo.com.mx\/index.php?rest_route=\/wp\/v2\/media\/10100"}],"wp:attachment":[{"href":"https:\/\/encuentroinformativo.com.mx\/index.php?rest_route=%2Fwp%2Fv2%2Fmedia&parent=10099"}],"wp:term":[{"taxonomy":"category","embeddable":true,"href":"https:\/\/encuentroinformativo.com.mx\/index.php?rest_route=%2Fwp%2Fv2%2Fcategories&post=10099"},{"taxonomy":"post_tag","embeddable":true,"href":"https:\/\/encuentroinformativo.com.mx\/index.php?rest_route=%2Fwp%2Fv2%2Ftags&post=10099"}],"curies":[{"name":"wp","href":"https:\/\/api.w.org\/{rel}","templated":true}]}}