{"id":1010,"date":"2020-03-17T13:05:45","date_gmt":"2020-03-17T19:05:45","guid":{"rendered":"https:\/\/encuentroinformativo.com\/?p=1010"},"modified":"2020-03-17T13:05:48","modified_gmt":"2020-03-17T19:05:48","slug":"normal-veracruzana-suspende-clases-presenciales","status":"publish","type":"post","link":"https:\/\/encuentroinformativo.com.mx\/?p=1010","title":{"rendered":"Normal Veracruzana suspende clases presenciales"},"content":{"rendered":"\n<p><strong>Dar\u00edo Pale <\/strong><\/p>\n\n\n\n<p>Xalapa, Ver.- La suspensi\u00f3n de clases presenciales en la Benem\u00e9rita Escuela Normal Veracruzana &#8220;Enrique C. R\u00e9bsamen&#8221; \u00a0a partir de hoy fue porque algunos llegan de la conurbaci\u00f3n Veracruz &#8211; Boca del R\u00edo -Alvarado &#8211; Medell\u00edn, as\u00ed lo se\u00f1al\u00f3 el director del plantel Daniel Dominguez Aguilar.<\/p>\n\n\n\n<p>En entrevista asegur\u00f3 que no fue una acci\u00f3n deliberada, &#8220;nosotros estamos siguiendo muchos de los lineamientos, la \u00fanica diferencia aqu\u00ed es que, bueno, internamente se tuvo que tomar esa decisi\u00f3n por la cantidad de estudiantes\u201d.<\/p>\n\n\n\n<p>\u201cEn cierta forma podr\u00eda considerase que como que contravenimos a eso, en realidad analizamos cu\u00e1l es la circunstancia del contexto en el que nos ubicamos&#8221; agreg\u00f3.<\/p>\n\n\n\n<p>Por \u00faltimo se\u00f1al\u00f3 que lo que resta de tiempo de actividades los docentes ofrecer\u00e1n sus clases en l\u00ednea, &#8220;se va a estar trabajando en l\u00ednea con todas las plataformas que haya para disminuir&#8221;.<\/p>\n\n\n\n<p><\/p>\n\n\n\n<p><\/p>\n","protected":false},"excerpt":{"rendered":"<p>Dar\u00edo Pale Xalapa, Ver.- La suspensi\u00f3n de clases presenciales en la Benem\u00e9rita Escuela Normal Veracruzana &#8220;Enrique C. R\u00e9bsamen&#8221; \u00a0a partir de hoy fue porque algunos llegan de la conurbaci\u00f3n Veracruz &#8211; Boca del R\u00edo -Alvarado &#8211; Medell\u00edn, as\u00ed lo se\u00f1al\u00f3 el director del plantel Daniel Dominguez Aguilar. En entrevista asegur\u00f3 que no fue una acci\u00f3n [&hellip;]<\/p>\n","protected":false},"author":1,"featured_media":1011,"comment_status":"open","ping_status":"open","sticky":false,"template":"","format":"standard","meta":{"_jetpack_memberships_contains_paid_content":false,"footnotes":""},"categories":[3],"tags":[],"class_list":["post-1010","post","type-post","status-publish","format-standard","has-post-thumbnail","hentry","category-xalapa"],"jetpack_featured_media_url":"https:\/\/encuentroinformativo.com.mx\/wp-content\/uploads\/2020\/03\/8CBD838F-1B16-4F39-A4DF-EDC46D91FDC3.jpeg","jetpack_sharing_enabled":true,"jetpack_likes_enabled":true,"amp_enabled":true,"_links":{"self":[{"href":"https:\/\/encuentroinformativo.com.mx\/index.php?rest_route=\/wp\/v2\/posts\/1010","targetHints":{"allow":["GET"]}}],"collection":[{"href":"https:\/\/encuentroinformativo.com.mx\/index.php?rest_route=\/wp\/v2\/posts"}],"about":[{"href":"https:\/\/encuentroinformativo.com.mx\/index.php?rest_route=\/wp\/v2\/types\/post"}],"author":[{"embeddable":true,"href":"https:\/\/encuentroinformativo.com.mx\/index.php?rest_route=\/wp\/v2\/users\/1"}],"replies":[{"embeddable":true,"href":"https:\/\/encuentroinformativo.com.mx\/index.php?rest_route=%2Fwp%2Fv2%2Fcomments&post=1010"}],"version-history":[{"count":1,"href":"https:\/\/encuentroinformativo.com.mx\/index.php?rest_route=\/wp\/v2\/posts\/1010\/revisions"}],"predecessor-version":[{"id":1012,"href":"https:\/\/encuentroinformativo.com.mx\/index.php?rest_route=\/wp\/v2\/posts\/1010\/revisions\/1012"}],"wp:featuredmedia":[{"embeddable":true,"href":"https:\/\/encuentroinformativo.com.mx\/index.php?rest_route=\/wp\/v2\/media\/1011"}],"wp:attachment":[{"href":"https:\/\/encuentroinformativo.com.mx\/index.php?rest_route=%2Fwp%2Fv2%2Fmedia&parent=1010"}],"wp:term":[{"taxonomy":"category","embeddable":true,"href":"https:\/\/encuentroinformativo.com.mx\/index.php?rest_route=%2Fwp%2Fv2%2Fcategories&post=1010"},{"taxonomy":"post_tag","embeddable":true,"href":"https:\/\/encuentroinformativo.com.mx\/index.php?rest_route=%2Fwp%2Fv2%2Ftags&post=1010"}],"curies":[{"name":"wp","href":"https:\/\/api.w.org\/{rel}","templated":true}]}}