{"id":10108,"date":"2021-01-15T17:54:25","date_gmt":"2021-01-15T23:54:25","guid":{"rendered":"https:\/\/encuentroinformativo.com.mx\/?p=10108"},"modified":"2021-01-15T17:54:28","modified_gmt":"2021-01-15T23:54:28","slug":"desalojan-con-violencia-a-invasores-de-la-laguna-olmeca","status":"publish","type":"post","link":"https:\/\/encuentroinformativo.com.mx\/?p=10108","title":{"rendered":"Desalojan con violencia a invasores de la Laguna Olmeca"},"content":{"rendered":"\n<p><strong>Alejandro \u00c1vila<\/strong><\/p>\n\n\n\n<p>Veracruz, Ver.-&nbsp; A las orillas de la Laguna Olmeca, sobre la avenida Miguel Alem\u00e1n, se realiz\u00f3 un fuerte operativo por personal de la Procuradur\u00eda de Medio Ambiente (PMA) y la Secretar\u00eda de Seguridad P\u00fablica (SSP), quienes realizaron un violento desalojo de presuntos invasores.<\/p>\n\n\n\n<p>Con maquinaria pesada, los trabajadores de las dependencias estatales, derrumbaron las casas de l\u00e1mina que hab\u00edan construido algunas familias para poder vivir.<\/p>\n\n\n\n<p>Las cerca de 15 familias, no cuentan con un terreno o espacio para vivir, pues muchos de ellos ni siquiera cuentan con un trabajo estable que les de para rentar una casa, mucho menos comprar una vivienda, motivo por el cual decidieron asentarse en ese lugar.<\/p>\n\n\n\n<p>Los habitantes se\u00f1alan que mantienen limpio el lugar y reconocen que existe un riesgo al colocarse cerca de un vaso regulador, sobre todo en \u00e9poca de lluvias, pero aclaran, era la \u00fanica opci\u00f3n de tener una casa.<\/p>\n\n\n\n<p>Los invasores llevan 6 meses en el lugar, donde incluso han construido peque\u00f1os huertos para poder tener algo que comer, ya que pr\u00e1cticamente viven al d\u00eda por la falta de empleos.<\/p>\n\n\n\n<p>Apuntaron que antes de invadir, buscaron a las autoridades de la PMA y \u00e9stas les prometieron una audiencia para entablar el di\u00e1logo y poder reubicarlas en otra zona, sin embargo nunca fueron atendidos.<\/p>\n\n\n\n<p>La SSP detuvo a un padre de familia, lo espos\u00f3 y meti\u00f3 a la patrulla, pues este trataba de defender a su esposa y a sus hijas que eran jaloneadas por los oficiales.<\/p>\n","protected":false},"excerpt":{"rendered":"<p>Alejandro \u00c1vila Veracruz, Ver.-&nbsp; A las orillas de la Laguna Olmeca, sobre la avenida Miguel Alem\u00e1n, se realiz\u00f3 un fuerte operativo por personal de la Procuradur\u00eda de Medio Ambiente (PMA) y la Secretar\u00eda de Seguridad P\u00fablica (SSP), quienes realizaron un violento desalojo de presuntos invasores. Con maquinaria pesada, los trabajadores de las dependencias estatales, derrumbaron [&hellip;]<\/p>\n","protected":false},"author":1,"featured_media":10109,"comment_status":"open","ping_status":"open","sticky":false,"template":"","format":"standard","meta":{"_jetpack_memberships_contains_paid_content":false,"footnotes":""},"categories":[2],"tags":[],"class_list":["post-10108","post","type-post","status-publish","format-standard","has-post-thumbnail","hentry","category-estado"],"jetpack_featured_media_url":"https:\/\/encuentroinformativo.com.mx\/wp-content\/uploads\/2021\/01\/5B22987D-E348-4D32-AD26-4AB327DA74EB.jpeg","jetpack_sharing_enabled":true,"jetpack_likes_enabled":true,"amp_enabled":true,"_links":{"self":[{"href":"https:\/\/encuentroinformativo.com.mx\/index.php?rest_route=\/wp\/v2\/posts\/10108","targetHints":{"allow":["GET"]}}],"collection":[{"href":"https:\/\/encuentroinformativo.com.mx\/index.php?rest_route=\/wp\/v2\/posts"}],"about":[{"href":"https:\/\/encuentroinformativo.com.mx\/index.php?rest_route=\/wp\/v2\/types\/post"}],"author":[{"embeddable":true,"href":"https:\/\/encuentroinformativo.com.mx\/index.php?rest_route=\/wp\/v2\/users\/1"}],"replies":[{"embeddable":true,"href":"https:\/\/encuentroinformativo.com.mx\/index.php?rest_route=%2Fwp%2Fv2%2Fcomments&post=10108"}],"version-history":[{"count":1,"href":"https:\/\/encuentroinformativo.com.mx\/index.php?rest_route=\/wp\/v2\/posts\/10108\/revisions"}],"predecessor-version":[{"id":10110,"href":"https:\/\/encuentroinformativo.com.mx\/index.php?rest_route=\/wp\/v2\/posts\/10108\/revisions\/10110"}],"wp:featuredmedia":[{"embeddable":true,"href":"https:\/\/encuentroinformativo.com.mx\/index.php?rest_route=\/wp\/v2\/media\/10109"}],"wp:attachment":[{"href":"https:\/\/encuentroinformativo.com.mx\/index.php?rest_route=%2Fwp%2Fv2%2Fmedia&parent=10108"}],"wp:term":[{"taxonomy":"category","embeddable":true,"href":"https:\/\/encuentroinformativo.com.mx\/index.php?rest_route=%2Fwp%2Fv2%2Fcategories&post=10108"},{"taxonomy":"post_tag","embeddable":true,"href":"https:\/\/encuentroinformativo.com.mx\/index.php?rest_route=%2Fwp%2Fv2%2Ftags&post=10108"}],"curies":[{"name":"wp","href":"https:\/\/api.w.org\/{rel}","templated":true}]}}