{"id":10127,"date":"2021-01-17T13:26:05","date_gmt":"2021-01-17T19:26:05","guid":{"rendered":"https:\/\/encuentroinformativo.com.mx\/?p=10127"},"modified":"2021-01-17T13:26:08","modified_gmt":"2021-01-17T19:26:08","slug":"reanuda-frena-caravanas-en-xalapa","status":"publish","type":"post","link":"https:\/\/encuentroinformativo.com.mx\/?p=10127","title":{"rendered":"Reanuda FRENA caravanas en Xalapa"},"content":{"rendered":"\n<p><strong>Juan Arcos <\/strong><\/p>\n\n\n\n<p>Xalapa, Ver.- Integrantes del Frente Nacional Antiamlo (Frena) realizaron la primera caravana de este 2021 en la capital veracruzana, para continuar exigiendo la renuncia del presidente de la Rep\u00fablica, Andr\u00e9s Manuel L\u00f3pez Obrador.<\/p>\n\n\n\n<p>La ma\u00f1ana de este domingo, los manifestantes se concentraron en la Central de Abastos para posteriormente trasladarse al Centro Hist\u00f3rico de la ciudad y concluir el recorrido en el parque Miguel Hidalgo y Costilla, mejor conocido como \u201cLos Berros\u201d.<\/p>\n\n\n\n<p>De acuerdo con Gabriel May, integrante de Frena, el mandatario federal, en los dos a\u00f1os de su gobierno, se ha dedicado a acabar con instituciones, violentando la Constituci\u00f3n Mexicana.<\/p>\n\n\n\n<p>En ese sentido, hizo un llamado a la reflexi\u00f3n y a la consciencia para rescatar el destino del pa\u00eds que, a su juicio, est\u00e1 en manos de un dictador que lleg\u00f3 al poder con mentiras, intrigas y con la bandera de acabar con la corrupci\u00f3n.<\/p>\n\n\n\n<p>\u201cA la fecha, haciendo un balance de su gobierno encontramos que se ha dedicado a acabar con instituciones, pasando por encima de la Constituci\u00f3n, cuando jur\u00f3 guardar y hacer guardar la misma. Este tiempo ha sido m\u00e1s que suficiente para darnos cuenta de la clase de gobernante que es L\u00f3pez Obrador, junto con su gabinete que se han constituido en c\u00f3mplices del desastre nacional\u201d.<\/p>\n\n\n\n<p>El quejoso enumer\u00f3 algunos hechos del Presidente que han derivado en un gran da\u00f1o al pa\u00eds, como la cancelaci\u00f3n del nuevo aeropuerto internacional de M\u00e9xico -sin que se haya comprobado la corrupci\u00f3n por la cual se cancel\u00f3-.<\/p>\n\n\n\n<p>Adem\u00e1s, repudi\u00f3 que L\u00f3pez Obrador haya cancelado la Reforma Educativa y, por ende, la evaluaci\u00f3n docente; tambi\u00e9n el Seguro Popular; y lo acus\u00f3 de desmantelar el sistema de salud.<\/p>\n\n\n\n<p>\u201cQuit\u00f3 las guarder\u00edas, limit\u00f3 el uso de las medicinas para ni\u00f1os con c\u00e1ncer, tom\u00f3 el control de la Comisi\u00f3n Nacional de Derechos Humanos (CNDH), la cual ahora est\u00e1 a su servicio para victimizar o para acusar a las v\u00edctimas y someterlas a juicio, cuando debe de hacer todo lo contrario\u201d.<\/p>\n\n\n\n<p>Los integrantes de Frena dieron a conocer que realizar\u00e1n encuestas en su p\u00e1gina oficial\u00a0<a rel=\"noreferrer noopener\" href=\"http:\/\/www.frena.com.mx\/encuesta\" target=\"_blank\">www.frena.com.mx\/encuesta<\/a>\u00a0para saber si las y los mexicanos est\u00e1n de acuerdo con el gobierno morenista.<\/p>\n","protected":false},"excerpt":{"rendered":"<p>Juan Arcos Xalapa, Ver.- Integrantes del Frente Nacional Antiamlo (Frena) realizaron la primera caravana de este 2021 en la capital veracruzana, para continuar exigiendo la renuncia del presidente de la Rep\u00fablica, Andr\u00e9s Manuel L\u00f3pez Obrador. La ma\u00f1ana de este domingo, los manifestantes se concentraron en la Central de Abastos para posteriormente trasladarse al Centro Hist\u00f3rico [&hellip;]<\/p>\n","protected":false},"author":1,"featured_media":10128,"comment_status":"open","ping_status":"open","sticky":false,"template":"","format":"standard","meta":{"_jetpack_memberships_contains_paid_content":false,"footnotes":""},"categories":[3],"tags":[],"class_list":["post-10127","post","type-post","status-publish","format-standard","has-post-thumbnail","hentry","category-xalapa"],"jetpack_featured_media_url":"https:\/\/encuentroinformativo.com.mx\/wp-content\/uploads\/2021\/01\/F38A8088-51EF-4B25-BF69-A3EDA2868C2C.jpeg","jetpack_sharing_enabled":true,"jetpack_likes_enabled":true,"amp_enabled":true,"_links":{"self":[{"href":"https:\/\/encuentroinformativo.com.mx\/index.php?rest_route=\/wp\/v2\/posts\/10127","targetHints":{"allow":["GET"]}}],"collection":[{"href":"https:\/\/encuentroinformativo.com.mx\/index.php?rest_route=\/wp\/v2\/posts"}],"about":[{"href":"https:\/\/encuentroinformativo.com.mx\/index.php?rest_route=\/wp\/v2\/types\/post"}],"author":[{"embeddable":true,"href":"https:\/\/encuentroinformativo.com.mx\/index.php?rest_route=\/wp\/v2\/users\/1"}],"replies":[{"embeddable":true,"href":"https:\/\/encuentroinformativo.com.mx\/index.php?rest_route=%2Fwp%2Fv2%2Fcomments&post=10127"}],"version-history":[{"count":1,"href":"https:\/\/encuentroinformativo.com.mx\/index.php?rest_route=\/wp\/v2\/posts\/10127\/revisions"}],"predecessor-version":[{"id":10129,"href":"https:\/\/encuentroinformativo.com.mx\/index.php?rest_route=\/wp\/v2\/posts\/10127\/revisions\/10129"}],"wp:featuredmedia":[{"embeddable":true,"href":"https:\/\/encuentroinformativo.com.mx\/index.php?rest_route=\/wp\/v2\/media\/10128"}],"wp:attachment":[{"href":"https:\/\/encuentroinformativo.com.mx\/index.php?rest_route=%2Fwp%2Fv2%2Fmedia&parent=10127"}],"wp:term":[{"taxonomy":"category","embeddable":true,"href":"https:\/\/encuentroinformativo.com.mx\/index.php?rest_route=%2Fwp%2Fv2%2Fcategories&post=10127"},{"taxonomy":"post_tag","embeddable":true,"href":"https:\/\/encuentroinformativo.com.mx\/index.php?rest_route=%2Fwp%2Fv2%2Ftags&post=10127"}],"curies":[{"name":"wp","href":"https:\/\/api.w.org\/{rel}","templated":true}]}}