{"id":10150,"date":"2021-01-17T21:13:57","date_gmt":"2021-01-18T03:13:57","guid":{"rendered":"https:\/\/encuentroinformativo.com.mx\/?p=10150"},"modified":"2021-01-17T21:13:59","modified_gmt":"2021-01-18T03:13:59","slug":"al-renovar-comite-municipal-pes-integra-rostros-ciudadanos-en-cosoleacaque","status":"publish","type":"post","link":"https:\/\/encuentroinformativo.com.mx\/?p=10150","title":{"rendered":"Al renovar comit\u00e9 municipal, PES integra rostros ciudadanos en Cosoleacaque"},"content":{"rendered":"\n<ul class=\"wp-block-list\"><li>Ad\u00e1n Dar\u00edo Canseco D\u00edaz encabeza el nuevo Comit\u00e9 Municipal del PES en Cosoleacaque<\/li><\/ul>\n\n\n\n<p>Cosoleacaque, Ver.- Ad\u00e1n Dar\u00edo Canseco Diaz e Iris Magdalena Z\u00fa\u00f1iga Lara, rindieron protesta como presidente y secretaria general del Comit\u00e9 Directivo Municipal del PES (Partido Encuentro Solidario) en esta localidad.<\/p>\n\n\n\n<p>Durante una ceremonia encabezada por el presidente del Comit\u00e9 Directivo Estatal del PES, Gonzalo Gu\u00edzar Valladares, la nueva dirigencia se comprometi\u00f3 a llevar el mensaje de ciudadanizar la pol\u00edtica en todo Cosoleacaque, por lo que anunciaron una b\u00fasqueda profunda entre todos los sectores de la sociedad para conformar una planilla con las mejores mujeres y los mejores hombres.<\/p>\n\n\n\n<p>El tambi\u00e9n diputado local, record\u00f3 que en 2017 durante la anterior etapa del entonces Partido Encuentro Social, se obtuvieron en Cosoleacaque poco m\u00e1s de mil sufragios, por lo que ret\u00f3 a la nueva dirigencia para que el 6 de junio el PES obtenga votos en las 155 casillas que se instalan en el municipio, y eso le permita obtener un triunfo incuestionable.<\/p>\n\n\n\n<p>\u00abEl PES es La Casa de Todos\u00bb, afirm\u00f3 Gonzalo Gu\u00edzar Valladares, por lo que felicit\u00f3 la visi\u00f3n de integrar al Movimiento de Mujeres a la activista Luz del Carmen Lozano Mart\u00ednez, as\u00ed como a Blanca Lidia Cruz Reyes, al frente del Movimiento de Vinculaci\u00f3n con Personas de Capacidades Diferentes y Especiales.<\/p>\n\n\n\n<p>Vicente Z\u00fa\u00f1iga Mateo, encabezar\u00e1 el Movimiento de Vinculaci\u00f3n con Personas de la Tercera Edad; Albert Arturo Hern\u00e1ndez Tolentino, queda al frente del Movimiento de Vinculaci\u00f3n Obrera; y Emilio Gonz\u00e1lez Santiago, en el Movimiento de Vinculaci\u00f3n Campesina.<\/p>\n\n\n\n<p>En el Comit\u00e9 Municipal del PES de Cosoleacaque tambi\u00e9n quedaron integrados Guillermo Nu\u00f1ez Estrada, como secretario de Organizaci\u00f3n; Diana del Carmen Nu\u00f1ez G\u00f3mez, en la Secretar\u00eda de Estrategia Electoral; Estela Blanco, Finanzas y coordinadoras jur\u00eddica y de comunicaci\u00f3n social ser\u00e1n Leidy Laura Fern\u00e1ndez Morales y Patricia Vazquez Vidal, respectivamente.<\/p>\n","protected":false},"excerpt":{"rendered":"<p>Ad\u00e1n Dar\u00edo Canseco D\u00edaz encabeza el nuevo Comit\u00e9 Municipal del PES en Cosoleacaque Cosoleacaque, Ver.- Ad\u00e1n Dar\u00edo Canseco Diaz e Iris Magdalena Z\u00fa\u00f1iga Lara, rindieron protesta como presidente y secretaria general del Comit\u00e9 Directivo Municipal del PES (Partido Encuentro Solidario) en esta localidad. Durante una ceremonia encabezada por el presidente del Comit\u00e9 Directivo Estatal del [&hellip;]<\/p>\n","protected":false},"author":1,"featured_media":10151,"comment_status":"open","ping_status":"open","sticky":false,"template":"","format":"standard","meta":{"_jetpack_memberships_contains_paid_content":false,"footnotes":""},"categories":[2],"tags":[],"class_list":["post-10150","post","type-post","status-publish","format-standard","has-post-thumbnail","hentry","category-estado"],"jetpack_featured_media_url":"https:\/\/encuentroinformativo.com.mx\/wp-content\/uploads\/2021\/01\/441F7961-EB08-400F-8558-26618B7F3F19.jpeg","jetpack_sharing_enabled":true,"jetpack_likes_enabled":true,"amp_enabled":true,"_links":{"self":[{"href":"https:\/\/encuentroinformativo.com.mx\/index.php?rest_route=\/wp\/v2\/posts\/10150","targetHints":{"allow":["GET"]}}],"collection":[{"href":"https:\/\/encuentroinformativo.com.mx\/index.php?rest_route=\/wp\/v2\/posts"}],"about":[{"href":"https:\/\/encuentroinformativo.com.mx\/index.php?rest_route=\/wp\/v2\/types\/post"}],"author":[{"embeddable":true,"href":"https:\/\/encuentroinformativo.com.mx\/index.php?rest_route=\/wp\/v2\/users\/1"}],"replies":[{"embeddable":true,"href":"https:\/\/encuentroinformativo.com.mx\/index.php?rest_route=%2Fwp%2Fv2%2Fcomments&post=10150"}],"version-history":[{"count":1,"href":"https:\/\/encuentroinformativo.com.mx\/index.php?rest_route=\/wp\/v2\/posts\/10150\/revisions"}],"predecessor-version":[{"id":10152,"href":"https:\/\/encuentroinformativo.com.mx\/index.php?rest_route=\/wp\/v2\/posts\/10150\/revisions\/10152"}],"wp:featuredmedia":[{"embeddable":true,"href":"https:\/\/encuentroinformativo.com.mx\/index.php?rest_route=\/wp\/v2\/media\/10151"}],"wp:attachment":[{"href":"https:\/\/encuentroinformativo.com.mx\/index.php?rest_route=%2Fwp%2Fv2%2Fmedia&parent=10150"}],"wp:term":[{"taxonomy":"category","embeddable":true,"href":"https:\/\/encuentroinformativo.com.mx\/index.php?rest_route=%2Fwp%2Fv2%2Fcategories&post=10150"},{"taxonomy":"post_tag","embeddable":true,"href":"https:\/\/encuentroinformativo.com.mx\/index.php?rest_route=%2Fwp%2Fv2%2Ftags&post=10150"}],"curies":[{"name":"wp","href":"https:\/\/api.w.org\/{rel}","templated":true}]}}