{"id":10154,"date":"2021-01-17T21:45:27","date_gmt":"2021-01-18T03:45:27","guid":{"rendered":"https:\/\/encuentroinformativo.com.mx\/?p=10154"},"modified":"2021-01-17T21:45:30","modified_gmt":"2021-01-18T03:45:30","slug":"atendera-ine-tramites-de-credencial-sin-previa-cita","status":"publish","type":"post","link":"https:\/\/encuentroinformativo.com.mx\/?p=10154","title":{"rendered":"Atender\u00e1 INE tramites de credencial sin previa cita"},"content":{"rendered":"\n<p>Ciudad de M\u00e9xico.- El Instituto Nacional Electoral (INE) atender\u00e1 a personas en los M\u00f3dulos de Atenci\u00f3n Ciudadana con cita y sin cita, a partir del 1 de febrero de 2021. <\/p>\n\n\n\n<p>Con esta medida se busca que las personas que requieren actualizar el domicilio de su Credencial para Votar con Fotograf\u00eda o registrarse por primera ocasi\u00f3n lo hagan a la brevedad.<\/p>\n\n\n\n<p>Todas aquellas credenciales cuya vigencia concluy\u00f3 en 2019 o en 2020 a\u00fan son v\u00e1lidas como mecanismo de identificaci\u00f3n y para votar en las pr\u00f3ximas elecciones del 6 de junio, por lo que las y los ciudadanos que cuenten con estas micas pueden esperar y asistir a realizar su renovaci\u00f3n una vez concluida la Jornada Electoral.<\/p>\n\n\n\n<p>Por lo tanto, las \u00fanicas personas que deben acudir a los M\u00f3dulos son quienes requieran realizar un cambio de domicilio o inscribirse por primera vez al Padr\u00f3n Electoral, es decir, las y los j\u00f3venes que tienen 18 a\u00f1os y no se han inscrito o que cumplen la mayor\u00eda de edad a m\u00e1s tardar el 6 de junio de 2021, para poder votar&nbsp; en las pr\u00f3ximas elecciones. La fecha l\u00edmite es el 10 de febrero.<\/p>\n\n\n\n<p>Asimismo, las y los ciudadanos que requieran reponer su credencial por robo o extrav\u00edo tienen como plazo hasta el 25 de mayo, por lo que el Instituto solicita a quienes se encuentren en este supuesto que acudan a los M\u00f3dulos de Atenci\u00f3n Ciudadana a partir del 11 de febrero para evitar la saturaci\u00f3n de los mismos y permitir que quienes deben actualizar su credencial u obtenerla por primera ocasi\u00f3n lo hagan.<\/p>\n\n\n\n<p><strong><em>Continuar\u00e1n las medidas de sanidad en los M\u00f3dulos<\/em><\/strong><\/p>\n\n\n\n<p>Tanto para el personal que labora en los M\u00f3dulos de Atenci\u00f3n Ciudadana como para quienes acudan a realizar alg\u00fan tr\u00e1mite, ser\u00e1&nbsp;<strong>obligatorio<\/strong>&nbsp;seguir el siguiente protocolo de sanidad:<\/p>\n\n\n\n<ul class=\"wp-block-list\"><li>Portar el cubrebocas en todo momento.<\/li><li>Permitir la toma de temperatura y la aplicaci\u00f3n de gel antibacterial al ingresar al M\u00f3dulo.<\/li><li>Acudir sin compa\u00f1\u00eda, a menos que la persona requiera de asistencia.<\/li><\/ul>\n\n\n\n<p>Adem\u00e1s, no se les permitir\u00e1 la entrada a los M\u00f3dulos de Atenci\u00f3n Ciudadana a personas que presenten alg\u00fan s\u00edntoma de enfermedad o sin cubrebocas.<\/p>\n","protected":false},"excerpt":{"rendered":"<p>Ciudad de M\u00e9xico.- El Instituto Nacional Electoral (INE) atender\u00e1 a personas en los M\u00f3dulos de Atenci\u00f3n Ciudadana con cita y sin cita, a partir del 1 de febrero de 2021. Con esta medida se busca que las personas que requieren actualizar el domicilio de su Credencial para Votar con Fotograf\u00eda o registrarse por primera ocasi\u00f3n [&hellip;]<\/p>\n","protected":false},"author":1,"featured_media":10155,"comment_status":"open","ping_status":"open","sticky":false,"template":"","format":"standard","meta":{"_jetpack_memberships_contains_paid_content":false,"footnotes":""},"categories":[2],"tags":[],"class_list":["post-10154","post","type-post","status-publish","format-standard","has-post-thumbnail","hentry","category-estado"],"jetpack_featured_media_url":"https:\/\/encuentroinformativo.com.mx\/wp-content\/uploads\/2021\/01\/INE-modulos.jpg","jetpack_sharing_enabled":true,"jetpack_likes_enabled":true,"amp_enabled":true,"_links":{"self":[{"href":"https:\/\/encuentroinformativo.com.mx\/index.php?rest_route=\/wp\/v2\/posts\/10154","targetHints":{"allow":["GET"]}}],"collection":[{"href":"https:\/\/encuentroinformativo.com.mx\/index.php?rest_route=\/wp\/v2\/posts"}],"about":[{"href":"https:\/\/encuentroinformativo.com.mx\/index.php?rest_route=\/wp\/v2\/types\/post"}],"author":[{"embeddable":true,"href":"https:\/\/encuentroinformativo.com.mx\/index.php?rest_route=\/wp\/v2\/users\/1"}],"replies":[{"embeddable":true,"href":"https:\/\/encuentroinformativo.com.mx\/index.php?rest_route=%2Fwp%2Fv2%2Fcomments&post=10154"}],"version-history":[{"count":1,"href":"https:\/\/encuentroinformativo.com.mx\/index.php?rest_route=\/wp\/v2\/posts\/10154\/revisions"}],"predecessor-version":[{"id":10156,"href":"https:\/\/encuentroinformativo.com.mx\/index.php?rest_route=\/wp\/v2\/posts\/10154\/revisions\/10156"}],"wp:featuredmedia":[{"embeddable":true,"href":"https:\/\/encuentroinformativo.com.mx\/index.php?rest_route=\/wp\/v2\/media\/10155"}],"wp:attachment":[{"href":"https:\/\/encuentroinformativo.com.mx\/index.php?rest_route=%2Fwp%2Fv2%2Fmedia&parent=10154"}],"wp:term":[{"taxonomy":"category","embeddable":true,"href":"https:\/\/encuentroinformativo.com.mx\/index.php?rest_route=%2Fwp%2Fv2%2Fcategories&post=10154"},{"taxonomy":"post_tag","embeddable":true,"href":"https:\/\/encuentroinformativo.com.mx\/index.php?rest_route=%2Fwp%2Fv2%2Ftags&post=10154"}],"curies":[{"name":"wp","href":"https:\/\/api.w.org\/{rel}","templated":true}]}}