{"id":1016,"date":"2020-03-17T15:04:40","date_gmt":"2020-03-17T21:04:40","guid":{"rendered":"https:\/\/encuentroinformativo.com\/?p=1016"},"modified":"2020-03-17T15:04:42","modified_gmt":"2020-03-17T21:04:42","slug":"por-coronavirus-suspende-actividades-scjn","status":"publish","type":"post","link":"https:\/\/encuentroinformativo.com.mx\/?p=1016","title":{"rendered":"Por Coronavirus, suspende actividades SCJN"},"content":{"rendered":"\n<p><strong>*Del 18 de marzo al 19 de abril no habr\u00e1 sesiones, audiencias ni correr\u00e1n plazos procesales: ministro presidente<\/strong>.<\/p>\n\n\n\n<p>Omar Ocampo<\/p>\n\n\n\n<p>M\u00e9xico (<strong>Fuente<\/strong>: Notimex).- La Suprema Corte de Justicia de la Naci\u00f3n (SCJN), suspender\u00e1 la mayor parte de sus actividades en respuesta a la crisis sanitaria por el coronavirus (COVID-19).<\/p>\n\n\n\n<p>El pleno del Alto Tribunal determin\u00f3 la suspensi\u00f3n de actuaciones jurisdiccionales a partir del 18 de marzo y hasta el 19 de abril, lapso en el que no habr\u00e1 sesiones, audiencias y tampoco correr\u00e1n plazos procesales.<\/p>\n\n\n\n<p>El ministro presidente, Arturo Zald\u00edvar Lelo de Larrea, dio a conocer que solo habr\u00e1 una guardia para recibir demandas de controversias constitucionales urgentes en las que se solicite la suspensi\u00f3n, y ser\u00e1n acordadas por \u00e9l y turnadas al ministro que corresponda.<\/p>\n\n\n\n<p>El cese se implementa para prevenir una mayor propagaci\u00f3n del virus en lugares de grandes aglomeraciones, como lo son los \u00f3rganos jurisdiccionales, expuso.<\/p>\n\n\n\n<p>&#8220;Para la Suprema Corte es fundamental proteger la salud tanto de las personas que laboran en este alto tribunal como del p\u00fablico usuario&#8221;, indic\u00f3 en sesi\u00f3n de pleno.<\/p>\n\n\n\n<p>La medida busca tambi\u00e9n, que los trabajadores del Poder Judicial puedan proveer de cuidados necesarios a ni\u00f1os y ni\u00f1as que estar\u00e1n sin clases en los pr\u00f3ximos d\u00edas, tras el anuncio de las autoridades educativas, a\u00f1adi\u00f3 Zald\u00edvar Lelo de Larrea.<\/p>\n\n\n\n<p>Asimismo, aclar\u00f3 que no se trata de vacaciones para el personal y tendr\u00e1n que realizar labores a distancia, por lo que tendr\u00e1n que estar pendientes de las instrucciones de sus superiores.<\/p>\n\n\n\n<p>De igual modo lo har\u00e1n los ministros, quienes estar\u00e1n pendientes por si son convocados a atender un caso urgente, ya sea mediante una sesi\u00f3n virtual o presencial.<\/p>\n\n\n\n<p>El pleno del Consejo de la Judicatura Federal anunciar\u00e1 este d\u00eda las medidas para los dem\u00e1s \u00f3rganos jurisdiccionales.<\/p>\n\n\n\n<p>El representante del Poder Judicial de la Federaci\u00f3n expuso que las medidas anunciadas esperan que contribuyan a la &#8220;delicada&#8221; situaci\u00f3n por la que atraviesa el pa\u00eds con la pandemia del Coronavirus.<\/p>\n\n\n\n<p>Despu\u00e9s de hacer el anuncio, el ministro presidente levant\u00f3 la sesi\u00f3n ordinaria de pleno a la que se hab\u00eda convocado.<\/p>\n","protected":false},"excerpt":{"rendered":"<p>*Del 18 de marzo al 19 de abril no habr\u00e1 sesiones, audiencias ni correr\u00e1n plazos procesales: ministro presidente. Omar Ocampo M\u00e9xico (Fuente: Notimex).- La Suprema Corte de Justicia de la Naci\u00f3n (SCJN), suspender\u00e1 la mayor parte de sus actividades en respuesta a la crisis sanitaria por el coronavirus (COVID-19). El pleno del Alto Tribunal determin\u00f3 [&hellip;]<\/p>\n","protected":false},"author":1,"featured_media":232,"comment_status":"open","ping_status":"open","sticky":false,"template":"","format":"standard","meta":{"_jetpack_memberships_contains_paid_content":false,"footnotes":""},"categories":[12],"tags":[],"class_list":["post-1016","post","type-post","status-publish","format-standard","has-post-thumbnail","hentry","category-nacional"],"jetpack_featured_media_url":"https:\/\/encuentroinformativo.com.mx\/wp-content\/uploads\/2020\/02\/img_8045.jpg","jetpack_sharing_enabled":true,"jetpack_likes_enabled":true,"amp_enabled":true,"_links":{"self":[{"href":"https:\/\/encuentroinformativo.com.mx\/index.php?rest_route=\/wp\/v2\/posts\/1016","targetHints":{"allow":["GET"]}}],"collection":[{"href":"https:\/\/encuentroinformativo.com.mx\/index.php?rest_route=\/wp\/v2\/posts"}],"about":[{"href":"https:\/\/encuentroinformativo.com.mx\/index.php?rest_route=\/wp\/v2\/types\/post"}],"author":[{"embeddable":true,"href":"https:\/\/encuentroinformativo.com.mx\/index.php?rest_route=\/wp\/v2\/users\/1"}],"replies":[{"embeddable":true,"href":"https:\/\/encuentroinformativo.com.mx\/index.php?rest_route=%2Fwp%2Fv2%2Fcomments&post=1016"}],"version-history":[{"count":1,"href":"https:\/\/encuentroinformativo.com.mx\/index.php?rest_route=\/wp\/v2\/posts\/1016\/revisions"}],"predecessor-version":[{"id":1017,"href":"https:\/\/encuentroinformativo.com.mx\/index.php?rest_route=\/wp\/v2\/posts\/1016\/revisions\/1017"}],"wp:featuredmedia":[{"embeddable":true,"href":"https:\/\/encuentroinformativo.com.mx\/index.php?rest_route=\/wp\/v2\/media\/232"}],"wp:attachment":[{"href":"https:\/\/encuentroinformativo.com.mx\/index.php?rest_route=%2Fwp%2Fv2%2Fmedia&parent=1016"}],"wp:term":[{"taxonomy":"category","embeddable":true,"href":"https:\/\/encuentroinformativo.com.mx\/index.php?rest_route=%2Fwp%2Fv2%2Fcategories&post=1016"},{"taxonomy":"post_tag","embeddable":true,"href":"https:\/\/encuentroinformativo.com.mx\/index.php?rest_route=%2Fwp%2Fv2%2Ftags&post=1016"}],"curies":[{"name":"wp","href":"https:\/\/api.w.org\/{rel}","templated":true}]}}