{"id":10170,"date":"2021-01-18T07:07:24","date_gmt":"2021-01-18T13:07:24","guid":{"rendered":"https:\/\/encuentroinformativo.com.mx\/?p=10170"},"modified":"2021-01-18T02:05:41","modified_gmt":"2021-01-18T08:05:41","slug":"el-reto-covid","status":"publish","type":"post","link":"https:\/\/encuentroinformativo.com.mx\/?p=10170","title":{"rendered":"El reto Covid"},"content":{"rendered":"\n<p><strong>La Ruleta\u00a0<\/strong><\/p>\n\n\n\n<p><strong>Magnolia Reyes&nbsp;<\/strong><\/p>\n\n\n\n<p>Aunque el proceso de vacunaci\u00f3n contra Covid se encuentra en marcha, todav\u00eda falta mucha consciencia por parte de la sociedad y autoridades para seguir atendiendo el tema que lamentablemente sigue cobrando v\u00edctimas mortales en todos los rincones del pa\u00eds.&nbsp;<\/p>\n\n\n\n<p>Si bien la vacuna para el personal m\u00e9dico de primera l\u00ednea ya se lleva a cabo en Veracruz, al igual que en otras entidades se registraron quejas del personal quienes acusaron presuntos actos de \u201cinfluyentismo\u201d para que m\u00e9dicos que no se encuentra en riesgo se aplicar\u00e1n esta vacuna, y aunque algunas versiones fueron desmentidas por las propias autoridades \u00fanicamente el personal al interior de los hospitales conoce la realidad que viven all\u00ed adentro.&nbsp;<\/p>\n\n\n\n<p>Mientras tanto, con la intenci\u00f3n de aminorar el repunte de casos que se sigue presentando en el territorio veracruzano, las autoridades determinaron restringir la movilidad durante los \u00faltimos cuatro d\u00edas de la semana que reci\u00e9n concluy\u00f3, pero sigue faltando mucha consciencia por parte de la poblaci\u00f3n para atender las recomendaciones necesarias.\u00a0<\/p>\n\n\n\n<div class=\"wp-block-image is-style-default\"><figure class=\"alignright size-large is-resized\"><img loading=\"lazy\" decoding=\"async\" src=\"https:\/\/encuentroinformativo.com.mx\/wp-content\/uploads\/2021\/01\/F1F9588A-4895-4072-A777-C77CFF68E8C1-1024x614.jpeg\" alt=\"\" class=\"wp-image-10141\" width=\"342\" height=\"204\" srcset=\"https:\/\/encuentroinformativo.com.mx\/wp-content\/uploads\/2021\/01\/F1F9588A-4895-4072-A777-C77CFF68E8C1-1024x614.jpeg 1024w, https:\/\/encuentroinformativo.com.mx\/wp-content\/uploads\/2021\/01\/F1F9588A-4895-4072-A777-C77CFF68E8C1-300x180.jpeg 300w, https:\/\/encuentroinformativo.com.mx\/wp-content\/uploads\/2021\/01\/F1F9588A-4895-4072-A777-C77CFF68E8C1-768x461.jpeg 768w, https:\/\/encuentroinformativo.com.mx\/wp-content\/uploads\/2021\/01\/F1F9588A-4895-4072-A777-C77CFF68E8C1-1536x922.jpeg 1536w, https:\/\/encuentroinformativo.com.mx\/wp-content\/uploads\/2021\/01\/F1F9588A-4895-4072-A777-C77CFF68E8C1.jpeg 1600w\" sizes=\"auto, (max-width: 342px) 100vw, 342px\" \/><\/figure><\/div>\n\n\n\n<p>Y es que si bien las calles del centro fueron cerradas a la circulaci\u00f3n vehicular, fueron muchas las personas que caminando optaron por acercarse para realizar algunas de sus compras; siendo lo lamentable que muchas transitan por la calle sin el uso del cubrebocas y hacen uso del mismo \u00fanicamente cuando van a ingresar a un establecimiento donde es un requisito.&nbsp;<\/p>\n\n\n\n<p>Es verdad, puede resultar un poco incomodo portar un cubrebocas por un buen rato o durante varias horas, pero es una de las principales medidas de precauci\u00f3n que podemos usar quienes salimos a la calle, se trata de cuidarnos todos porque de lo contrario sin importar cuantas vacunas lleguen los sem\u00e1foros permanecer\u00e1n en rojo.&nbsp;<\/p>\n\n\n\n<p>Falta consciencia y mayor severidad por parte de las autoridades para sancionar a quienes no cumplan con las medidas de prevenci\u00f3n necesarias.&nbsp;<\/p>\n\n\n\n<p><strong>Los Independientes<\/strong><\/p>\n\n\n\n<p>En los \u00faltimos d\u00edas son varios los personajes que desfilaron por las oficinas del Organismo P\u00fablico Local Electoral para presentar su carta de intenci\u00f3n y contender por la v\u00eda independiente como candidatos a la alcald\u00eda de Xalapa.<\/p>\n\n\n\n<p>Con benepl\u00e1cito se recibi\u00f3 la participaci\u00f3n de do\u00f1a Evangelina Rizzo Navarro en el proyecto que encabeza Agust\u00edn Arcos Gamboa de Recupera La Atenas, y es que se trata de una mujer emprendedora y conocedora del tema de medios de comunicaci\u00f3n con toda una trayectoria tanto ella como su familia en la capital del estado, y quien se incluye como candidata a s\u00edndica en este proyecto independiente.&nbsp;<\/p>\n\n\n\n<p>Por cierto, tambi\u00e9n las aspiraciones del ex rector de la Universidad Veracruzana, Ra\u00fal Arias Lovillo generaron ruido en distintos sectores de la poblaci\u00f3n xalape\u00f1a, sin embargo, fue recibida con aprobaci\u00f3n en un amplio sector acad\u00e9mico quienes levantaron la mano para sumarse a su proyecto.<\/p>\n\n\n\n<p><strong>Descanse en Paz\u2026<\/strong><\/p>\n\n\n\n<p>Este domingo se dio a conocer el deceso del pol\u00edtico veracruzano Edmundo Mart\u00ednez Zaleta -quien seg\u00fan trascendi\u00f3- perdi\u00f3 la batalla contra el Covid-19 tras permanecer cerca de tres semanas hospitalizado.&nbsp;<\/p>\n\n\n\n<p>Mart\u00ednez Zaleta ocup\u00f3 diversos cargos en la administraci\u00f3n p\u00fablica tanto estatal como municipal y siempre se caracteriz\u00f3 por un trato amable para los representantes de los medios de comunicaci\u00f3n. De los pol\u00edticos de la vieja escuela que conoc\u00edan muy bien el tradicional dicho \u201cla forma es fondo\u201d por lo que siempre mantuvo un trato cordial y respetuoso para la prensa, lo conocimos a su paso como director de Tr\u00e1nsito Municipal en Xalapa, donde en varias ocasiones dio c\u00e1tedra a \u201clos nuevos\u201d funcionarios del servicio p\u00fablico. Descanse en paz.&nbsp;<\/p>\n\n\n\n<p><strong>laruleta.comentarios@gmail.com&nbsp;<\/strong><\/p>\n","protected":false},"excerpt":{"rendered":"<p>La Ruleta\u00a0 Magnolia Reyes&nbsp; Aunque el proceso de vacunaci\u00f3n contra Covid se encuentra en marcha, todav\u00eda falta mucha consciencia por parte de la sociedad y autoridades para seguir atendiendo el tema que lamentablemente sigue cobrando v\u00edctimas mortales en todos los rincones del pa\u00eds.&nbsp; Si bien la vacuna para el personal m\u00e9dico de primera l\u00ednea ya [&hellip;]<\/p>\n","protected":false},"author":1,"featured_media":70,"comment_status":"open","ping_status":"open","sticky":false,"template":"","format":"standard","meta":{"_jetpack_memberships_contains_paid_content":false,"footnotes":""},"categories":[11],"tags":[],"class_list":["post-10170","post","type-post","status-publish","format-standard","has-post-thumbnail","hentry","category-opinion"],"jetpack_featured_media_url":"https:\/\/encuentroinformativo.com.mx\/wp-content\/uploads\/2020\/02\/opinion-invitado.jpg","jetpack_sharing_enabled":true,"jetpack_likes_enabled":true,"amp_enabled":false,"_links":{"self":[{"href":"https:\/\/encuentroinformativo.com.mx\/index.php?rest_route=\/wp\/v2\/posts\/10170","targetHints":{"allow":["GET"]}}],"collection":[{"href":"https:\/\/encuentroinformativo.com.mx\/index.php?rest_route=\/wp\/v2\/posts"}],"about":[{"href":"https:\/\/encuentroinformativo.com.mx\/index.php?rest_route=\/wp\/v2\/types\/post"}],"author":[{"embeddable":true,"href":"https:\/\/encuentroinformativo.com.mx\/index.php?rest_route=\/wp\/v2\/users\/1"}],"replies":[{"embeddable":true,"href":"https:\/\/encuentroinformativo.com.mx\/index.php?rest_route=%2Fwp%2Fv2%2Fcomments&post=10170"}],"version-history":[{"count":1,"href":"https:\/\/encuentroinformativo.com.mx\/index.php?rest_route=\/wp\/v2\/posts\/10170\/revisions"}],"predecessor-version":[{"id":10171,"href":"https:\/\/encuentroinformativo.com.mx\/index.php?rest_route=\/wp\/v2\/posts\/10170\/revisions\/10171"}],"wp:featuredmedia":[{"embeddable":true,"href":"https:\/\/encuentroinformativo.com.mx\/index.php?rest_route=\/wp\/v2\/media\/70"}],"wp:attachment":[{"href":"https:\/\/encuentroinformativo.com.mx\/index.php?rest_route=%2Fwp%2Fv2%2Fmedia&parent=10170"}],"wp:term":[{"taxonomy":"category","embeddable":true,"href":"https:\/\/encuentroinformativo.com.mx\/index.php?rest_route=%2Fwp%2Fv2%2Fcategories&post=10170"},{"taxonomy":"post_tag","embeddable":true,"href":"https:\/\/encuentroinformativo.com.mx\/index.php?rest_route=%2Fwp%2Fv2%2Ftags&post=10170"}],"curies":[{"name":"wp","href":"https:\/\/api.w.org\/{rel}","templated":true}]}}