{"id":10176,"date":"2021-01-18T09:24:34","date_gmt":"2021-01-18T15:24:34","guid":{"rendered":"https:\/\/encuentroinformativo.com.mx\/?p=10176"},"modified":"2021-01-18T09:24:37","modified_gmt":"2021-01-18T15:24:37","slug":"veracruz-2o-en-violencia-de-genero","status":"publish","type":"post","link":"https:\/\/encuentroinformativo.com.mx\/?p=10176","title":{"rendered":"Veracruz: 2\u00ba en Violencia de G\u00e9nero"},"content":{"rendered":"\n<p><strong>N\u00fameros Rojos<\/strong><\/p>\n\n\n\n<p><strong>Brenda Caballero<\/strong><\/p>\n\n\n\n<p>No es exageraci\u00f3n. Periodistas, analistas, expertos en procesos electorales pronostican elecciones violentas en este 2021, muy similar a la del 2018, donde se contabiliz\u00f3 oficialmente 140 asesinatos contra aspirantes, candidatos y funcionarios p\u00fablicos. La violencia manifestada en&nbsp; procesos electorales no es novedad; en todos los procesos se vive, pero el 2018 marc\u00f3 un incremento significativo de hasta 5 veces m\u00e1s con respecto a elecciones anteriores.<\/p>\n\n\n\n<p>El mismo Estados Unidos, llamado pa\u00eds del primer mundo, acaba de pasar por uno tortuoso y violento, jam\u00e1s visto en su historia.<\/p>\n\n\n\n<p>En Veracruz se habr\u00e1n de renovar 212 alcald\u00edas, as\u00ed como diputaciones locales y federales. Del total de candidatos, 50 por ciento ser\u00e1n mujeres. \u00bfC\u00f3mo se est\u00e1n protegiendo a esas mujeres que intervendr\u00e1n en el proceso electoral?<\/p>\n\n\n\n<p>Alguna vez alguien me preguntaba el porqu\u00e9 \u00fanicamente me enfocaba en mujeres; que tambi\u00e9n los hombres sufr\u00edan violencia pol\u00edtica. Efectivamente, tanto hombres como mujeres son asesinados, levantados, violentados, pero por desgracia, las mujeres son afectadas directamente por esquemas patriarcales, que tienen los mismos partidos pol\u00edticos, incluso son muy preocupantes las cifras que el Secretariado Ejecutivo del Sistema Nacional de Seguridad P\u00fablica publica el 25 de diciembre de 2020, correspondientes a los presuntos delitos de violencia de g\u00e9nero por entidad, del mes de enero al mes de diciembre de 2020, donde Veracruz se ubica en segundo lugar con mil cincuenta y dos denuncias, tan s\u00f3lo detr\u00e1s del Estado de M\u00e9xico con mil setecientas sesenta y nueve. Es decir, estamos hablando de 3 personas que son violentadas diariamente por violencia de g\u00e9nero. \u00bfY las que no denuncian?<\/p>\n\n\n\n<p>Ahora bien, de acuerdo a los mismos datos, Veracruz se mantuvo en el primer lugar nacional en delitos de violencia de g\u00e9nero con 529 denuncias de enero a junio del 2020.<\/p>\n\n\n\n<p>A nivel nacional, de enero a noviembre de 2020, se contabilizaron 3 mil seiscientas sesenta y un denuncias, de las cuales el 29 por ciento sucedieron en Veracruz.<\/p>\n\n\n\n<p>Es importante aclarar que las cifras muestran delitos cometidos en contra de personas, grupos o comunidades, y no se desagrega solo para mujeres.<\/p>\n\n\n\n<p>Nuestras cifras no son alentadoras. Los datos de secuestro del mismo Secretariado Ejecutivo del Sistema Nacional de Seguridad P\u00fablica, de enero a noviembre de 2020, posicionan a Veracruz en el tercer lugar con 18 casos, apenas despu\u00e9s de Morelos con 19 y el Estado de M\u00e9xico, con 47.<\/p>\n\n\n\n<p>Regresando al proceso electoral que tenemos encima y viendo las cifras del Secretariado Ejecutivo del Sistema Nacional de Seguridad P\u00fablica proporcionadas por la Fiscal\u00eda del Estado, urge que ya se est\u00e9 pensando en acciones para proteger a los ciudadanos y a todos y todas las que participar\u00e1n, pues los n\u00fameros no mienten y es mejor prevenir que tapar el pozo.<\/p>\n\n\n\n<p>Ojal\u00e1 que los tres poderes se pongan las pilas y empiecen a trabajar en acciones conjuntas, porque con esas cifras a nivel nacional, lo \u00fanico que se ve son instituciones debilitadas en Veracruz.<\/p>\n\n\n\n<p>@NumerosRojos_BC<\/p>\n\n\n\n<p><a href=\"mailto:caballero_brenda@hotmail.com\" target=\"_blank\" rel=\"noreferrer noopener\">caballero_brenda@hotmail.com<\/a><\/p>\n","protected":false},"excerpt":{"rendered":"<p>N\u00fameros Rojos Brenda Caballero No es exageraci\u00f3n. Periodistas, analistas, expertos en procesos electorales pronostican elecciones violentas en este 2021, muy similar a la del 2018, donde se contabiliz\u00f3 oficialmente 140 asesinatos contra aspirantes, candidatos y funcionarios p\u00fablicos. La violencia manifestada en&nbsp; procesos electorales no es novedad; en todos los procesos se vive, pero el 2018 [&hellip;]<\/p>\n","protected":false},"author":1,"featured_media":70,"comment_status":"open","ping_status":"open","sticky":false,"template":"","format":"standard","meta":{"_jetpack_memberships_contains_paid_content":false,"footnotes":""},"categories":[11],"tags":[],"class_list":["post-10176","post","type-post","status-publish","format-standard","has-post-thumbnail","hentry","category-opinion"],"jetpack_featured_media_url":"https:\/\/encuentroinformativo.com.mx\/wp-content\/uploads\/2020\/02\/opinion-invitado.jpg","jetpack_sharing_enabled":true,"jetpack_likes_enabled":true,"amp_enabled":true,"_links":{"self":[{"href":"https:\/\/encuentroinformativo.com.mx\/index.php?rest_route=\/wp\/v2\/posts\/10176","targetHints":{"allow":["GET"]}}],"collection":[{"href":"https:\/\/encuentroinformativo.com.mx\/index.php?rest_route=\/wp\/v2\/posts"}],"about":[{"href":"https:\/\/encuentroinformativo.com.mx\/index.php?rest_route=\/wp\/v2\/types\/post"}],"author":[{"embeddable":true,"href":"https:\/\/encuentroinformativo.com.mx\/index.php?rest_route=\/wp\/v2\/users\/1"}],"replies":[{"embeddable":true,"href":"https:\/\/encuentroinformativo.com.mx\/index.php?rest_route=%2Fwp%2Fv2%2Fcomments&post=10176"}],"version-history":[{"count":1,"href":"https:\/\/encuentroinformativo.com.mx\/index.php?rest_route=\/wp\/v2\/posts\/10176\/revisions"}],"predecessor-version":[{"id":10177,"href":"https:\/\/encuentroinformativo.com.mx\/index.php?rest_route=\/wp\/v2\/posts\/10176\/revisions\/10177"}],"wp:featuredmedia":[{"embeddable":true,"href":"https:\/\/encuentroinformativo.com.mx\/index.php?rest_route=\/wp\/v2\/media\/70"}],"wp:attachment":[{"href":"https:\/\/encuentroinformativo.com.mx\/index.php?rest_route=%2Fwp%2Fv2%2Fmedia&parent=10176"}],"wp:term":[{"taxonomy":"category","embeddable":true,"href":"https:\/\/encuentroinformativo.com.mx\/index.php?rest_route=%2Fwp%2Fv2%2Fcategories&post=10176"},{"taxonomy":"post_tag","embeddable":true,"href":"https:\/\/encuentroinformativo.com.mx\/index.php?rest_route=%2Fwp%2Fv2%2Ftags&post=10176"}],"curies":[{"name":"wp","href":"https:\/\/api.w.org\/{rel}","templated":true}]}}