{"id":10186,"date":"2021-01-18T12:03:28","date_gmt":"2021-01-18T18:03:28","guid":{"rendered":"https:\/\/encuentroinformativo.com.mx\/?p=10186"},"modified":"2021-01-18T12:03:30","modified_gmt":"2021-01-18T18:03:30","slug":"acusan-despidos-injustificados-en-sesver","status":"publish","type":"post","link":"https:\/\/encuentroinformativo.com.mx\/?p=10186","title":{"rendered":"Acusan despidos injustificados en Sesver"},"content":{"rendered":"\n<p><strong>Juan Arcos <\/strong><\/p>\n\n\n\n<p>Xalapa, Ver.- Un grupo de trabajadores de la Jurisdicci\u00f3n Sanitaria n\u00famero 11 denunci\u00f3 un presunto despido injustificado en la Secretar\u00eda de Salud de Veracruz (SS).<\/p>\n\n\n\n<p>Un total de 22 empleados protestaron y tomaron las oficinas de la dependencia estatal, ubicadas sobre la calle Soconusco de la colonia Aguacatal, en Xalapa, para exigir su reinstalaci\u00f3n correspondiente.<\/p>\n\n\n\n<p>De acuerdo con Adib Atihe Blanco, encargado del Centro de Salud en la comunidad Nuevo Teapa, las autoridades sanitarias decidieron no renovar su contrato, desde el pasado 31 de diciembre.<\/p>\n\n\n\n<p>El entrevistado se\u00f1al\u00f3 a Paola Villica\u00f1a, administradora de la Jurisdicci\u00f3n Sanitaria n\u00famero 11, de haber actuado de manera arbitraria por instrucciones de sus superiores.<br>Los quejosos laboraban como m\u00e9dicos, administrativos, promotores de salud, personal de farmacia y polivalentes, quienes acusaron que la Secretar\u00eda de Salud justific\u00f3 la falta de recursos econ\u00f3micos.<\/p>\n\n\n\n<p>Estas personas viajaron de los municipios de Cosoleacaque, Minatitl\u00e1n, Coatzacoalcos y J\u00e1ltipan, ubicados en la zona sur de la entidad, a la capital del estado, para exigir una soluci\u00f3n al problema.<\/p>\n\n\n\n<p>Personal de Recursos Humanos de Servicios de Salud de Veracruz (Sesver) atendi\u00f3 a los manifestantes; sin embargo, los quejosos mantuvieron tomadas las instalaciones.<\/p>\n\n\n\n<p>&#8220;Nos atendi\u00f3 una persona porque la Subdirectora de Recursos Humanos quiere platicar con nosotros. Somos 22 personas y desde el 31 de diciembre fuimos despedidos\u201d, enfatiz\u00f3 Atihe Blanco.<\/p>\n","protected":false},"excerpt":{"rendered":"<p>Juan Arcos Xalapa, Ver.- Un grupo de trabajadores de la Jurisdicci\u00f3n Sanitaria n\u00famero 11 denunci\u00f3 un presunto despido injustificado en la Secretar\u00eda de Salud de Veracruz (SS). Un total de 22 empleados protestaron y tomaron las oficinas de la dependencia estatal, ubicadas sobre la calle Soconusco de la colonia Aguacatal, en Xalapa, para exigir su [&hellip;]<\/p>\n","protected":false},"author":1,"featured_media":10187,"comment_status":"open","ping_status":"open","sticky":false,"template":"","format":"standard","meta":{"_jetpack_memberships_contains_paid_content":false,"footnotes":""},"categories":[9],"tags":[],"class_list":["post-10186","post","type-post","status-publish","format-standard","has-post-thumbnail","hentry","category-salud"],"jetpack_featured_media_url":"https:\/\/encuentroinformativo.com.mx\/wp-content\/uploads\/2021\/01\/B097DA27-E3E0-4EED-AE44-D7224D12C521.jpeg","jetpack_sharing_enabled":true,"jetpack_likes_enabled":true,"amp_enabled":true,"_links":{"self":[{"href":"https:\/\/encuentroinformativo.com.mx\/index.php?rest_route=\/wp\/v2\/posts\/10186","targetHints":{"allow":["GET"]}}],"collection":[{"href":"https:\/\/encuentroinformativo.com.mx\/index.php?rest_route=\/wp\/v2\/posts"}],"about":[{"href":"https:\/\/encuentroinformativo.com.mx\/index.php?rest_route=\/wp\/v2\/types\/post"}],"author":[{"embeddable":true,"href":"https:\/\/encuentroinformativo.com.mx\/index.php?rest_route=\/wp\/v2\/users\/1"}],"replies":[{"embeddable":true,"href":"https:\/\/encuentroinformativo.com.mx\/index.php?rest_route=%2Fwp%2Fv2%2Fcomments&post=10186"}],"version-history":[{"count":1,"href":"https:\/\/encuentroinformativo.com.mx\/index.php?rest_route=\/wp\/v2\/posts\/10186\/revisions"}],"predecessor-version":[{"id":10188,"href":"https:\/\/encuentroinformativo.com.mx\/index.php?rest_route=\/wp\/v2\/posts\/10186\/revisions\/10188"}],"wp:featuredmedia":[{"embeddable":true,"href":"https:\/\/encuentroinformativo.com.mx\/index.php?rest_route=\/wp\/v2\/media\/10187"}],"wp:attachment":[{"href":"https:\/\/encuentroinformativo.com.mx\/index.php?rest_route=%2Fwp%2Fv2%2Fmedia&parent=10186"}],"wp:term":[{"taxonomy":"category","embeddable":true,"href":"https:\/\/encuentroinformativo.com.mx\/index.php?rest_route=%2Fwp%2Fv2%2Fcategories&post=10186"},{"taxonomy":"post_tag","embeddable":true,"href":"https:\/\/encuentroinformativo.com.mx\/index.php?rest_route=%2Fwp%2Fv2%2Ftags&post=10186"}],"curies":[{"name":"wp","href":"https:\/\/api.w.org\/{rel}","templated":true}]}}