{"id":10204,"date":"2021-01-18T14:50:32","date_gmt":"2021-01-18T20:50:32","guid":{"rendered":"https:\/\/encuentroinformativo.com.mx\/?p=10204"},"modified":"2021-01-18T14:50:43","modified_gmt":"2021-01-18T20:50:43","slug":"por-repunte-covid-analizan-prohibir-instalacion-de-tianguis-en-xalapa","status":"publish","type":"post","link":"https:\/\/encuentroinformativo.com.mx\/?p=10204","title":{"rendered":"Por repunte Covid, analizan prohibir instalaci\u00f3n de tianguis en Xalapa"},"content":{"rendered":"\n<p><strong>Juan Arcos <\/strong><\/p>\n\n\n\n<p>Xalapa, Ver.- La Direcci\u00f3n de Protecci\u00f3n Civil de Xalapa podr\u00eda iniciar operativos en los pr\u00f3ximos d\u00edas para evitar la instalaci\u00f3n de tianguis de ropa de segunda mano y ch\u00e1charas en la ciudad, tras el incremento de casos de SARS-COV-2 (COVID-19).<\/p>\n\n\n\n<p>El director de PC municipal, Jes\u00fas Vargas Hern\u00e1ndez, indic\u00f3 que durante el martes 19 de enero se llevar\u00e1 a cabo una reuni\u00f3n con autoridades de la Subdirecci\u00f3n de Comercio y l\u00edderes de los tianguistas, para establecer medidas y as\u00ed evitar la propagaci\u00f3n de la enfermedad.<\/p>\n\n\n\n<p>El entrevistado detall\u00f3 que en algunos tianguis no han sido acatadas las medidas sanitarias, sobre todo en el que se instala sobre la avenida \u00c9bano, as\u00ed como tambi\u00e9n, en el de la colonia Revoluci\u00f3n y el que se pone los domingos en la calle Toluca de la colonia Progreso.<\/p>\n\n\n\n<p>\u201cDesgraciadamente, mucha gente hace caso omiso todav\u00eda a protegerse y viendo todav\u00eda que el incremento est\u00e1 (en los casos) siguen con esas acciones. Es importante mencionar que es una concientizaci\u00f3n que venimos haciendo desde hace nueve meses y la gente tiene que entender que deben acatar la disposici\u00f3n\u201d.<\/p>\n\n\n\n<p>El funcionario municipal record\u00f3 que, por dicho motivo, se ha dialogado con los l\u00edderes de tianguistas, en busca de que solo se permita la instalaci\u00f3n de los comerciantes de comida.\u00a0<\/p>\n\n\n\n<p>\u201cSe va a limitar otra vez, de ser necesario, los tianguis que manejan ropa de segunda mano o art\u00edculos como ch\u00e1charas, se va a ver la posibilidad de prohibir que se establezcan, pero esto es previo a las pl\u00e1ticas que tengamos con los l\u00edderes de ellos\u201d.<\/p>\n\n\n\n<p>Vargas Hern\u00e1ndez mencion\u00f3 que se busca aplicar dicha medida, debido a que la gente no respeta la sana distancia o se niega a utilizar el cubrebocas en dichos lugares.\u00a0<br>Cabe recordar que Xalapa se encuentra en sem\u00e1foro epidemiol\u00f3gico regional color naranja con 3 mil 182 casos confirmados de COVID-19, 494 defunciones y 723 sospechosos.<\/p>\n\n\n\n<p>Adem\u00e1s, el estado de Veracruz retrocedi\u00f3 en el sem\u00e1foro nacional, al pasar del amarillo al color naranja, de riesgo alto de contagio.<\/p>\n","protected":false},"excerpt":{"rendered":"<p>Juan Arcos Xalapa, Ver.- La Direcci\u00f3n de Protecci\u00f3n Civil de Xalapa podr\u00eda iniciar operativos en los pr\u00f3ximos d\u00edas para evitar la instalaci\u00f3n de tianguis de ropa de segunda mano y ch\u00e1charas en la ciudad, tras el incremento de casos de SARS-COV-2 (COVID-19). El director de PC municipal, Jes\u00fas Vargas Hern\u00e1ndez, indic\u00f3 que durante el martes [&hellip;]<\/p>\n","protected":false},"author":1,"featured_media":10205,"comment_status":"open","ping_status":"open","sticky":false,"template":"","format":"standard","meta":{"_jetpack_memberships_contains_paid_content":false,"footnotes":""},"categories":[9],"tags":[],"class_list":["post-10204","post","type-post","status-publish","format-standard","has-post-thumbnail","hentry","category-salud"],"jetpack_featured_media_url":"https:\/\/encuentroinformativo.com.mx\/wp-content\/uploads\/2021\/01\/4D1697B8-97A9-4FC0-A412-D338AB8A9289.jpeg","jetpack_sharing_enabled":true,"jetpack_likes_enabled":true,"amp_enabled":true,"_links":{"self":[{"href":"https:\/\/encuentroinformativo.com.mx\/index.php?rest_route=\/wp\/v2\/posts\/10204","targetHints":{"allow":["GET"]}}],"collection":[{"href":"https:\/\/encuentroinformativo.com.mx\/index.php?rest_route=\/wp\/v2\/posts"}],"about":[{"href":"https:\/\/encuentroinformativo.com.mx\/index.php?rest_route=\/wp\/v2\/types\/post"}],"author":[{"embeddable":true,"href":"https:\/\/encuentroinformativo.com.mx\/index.php?rest_route=\/wp\/v2\/users\/1"}],"replies":[{"embeddable":true,"href":"https:\/\/encuentroinformativo.com.mx\/index.php?rest_route=%2Fwp%2Fv2%2Fcomments&post=10204"}],"version-history":[{"count":1,"href":"https:\/\/encuentroinformativo.com.mx\/index.php?rest_route=\/wp\/v2\/posts\/10204\/revisions"}],"predecessor-version":[{"id":10206,"href":"https:\/\/encuentroinformativo.com.mx\/index.php?rest_route=\/wp\/v2\/posts\/10204\/revisions\/10206"}],"wp:featuredmedia":[{"embeddable":true,"href":"https:\/\/encuentroinformativo.com.mx\/index.php?rest_route=\/wp\/v2\/media\/10205"}],"wp:attachment":[{"href":"https:\/\/encuentroinformativo.com.mx\/index.php?rest_route=%2Fwp%2Fv2%2Fmedia&parent=10204"}],"wp:term":[{"taxonomy":"category","embeddable":true,"href":"https:\/\/encuentroinformativo.com.mx\/index.php?rest_route=%2Fwp%2Fv2%2Fcategories&post=10204"},{"taxonomy":"post_tag","embeddable":true,"href":"https:\/\/encuentroinformativo.com.mx\/index.php?rest_route=%2Fwp%2Fv2%2Ftags&post=10204"}],"curies":[{"name":"wp","href":"https:\/\/api.w.org\/{rel}","templated":true}]}}