{"id":10207,"date":"2021-01-18T15:09:14","date_gmt":"2021-01-18T21:09:14","guid":{"rendered":"https:\/\/encuentroinformativo.com.mx\/?p=10207"},"modified":"2021-01-18T15:09:30","modified_gmt":"2021-01-18T21:09:30","slug":"diputada-solicita-paciencia-a-colectivos-de-busqueda","status":"publish","type":"post","link":"https:\/\/encuentroinformativo.com.mx\/?p=10207","title":{"rendered":"Diputada solicita \u201cpaciencia\u201d a Colectivos de b\u00fasqueda"},"content":{"rendered":"\n<p><strong>Dar\u00edo Pale <\/strong><\/p>\n\n\n\n<p>Xalapa, Ver.- Los colectivos de V\u00edctimas de desaparecidos deben de esperar un poco m\u00e1s para ser atendidos &#8220;aguanten un poquito&#8221;, as\u00ed se los solicita la diputada federal de\u00a0Morena, Dorenhy Garc\u00eda Cayetano.<\/p>\n\n\n\n<p>Entrevistada en conocido caf\u00e9 del centro de Xalapa se\u00f1al\u00f3 que, &#8220;en cuanto bajen un poquito los n\u00fameros de la pandemia, porque ustedes saben que siguen fluctuando y hay que ayudar mucho en ese sentido, entonces nos ayuda mucho que nos aguanten un poquito&#8221;.<\/p>\n\n\n\n<p>Reconoci\u00f3 que ser\u00eda inhumano decir esperen, pero justific\u00f3 la situaci\u00f3n por la pandemia por el Covid-19, no obstante presumi\u00f3 que los esfuerzos de la fiscal general, Ver\u00f3nica Hern\u00e1ndez Giad\u00e1ns han sido importantes para tratar de avanzar en las investigaciones por desapariciones en un tiempo &#8220;r\u00e9cord&#8221;.<\/p>\n\n\n\n<p>Asimismo, sostuvo que la titular de la Comisi\u00f3n Estatal de B\u00fasqueda de Personas Desaparecidas, Brenda Cer\u00f3n Chagoya, tiene reuniones peri\u00f3dicas con los colectivos,\u00a0&#8220;yo he escuchado que est\u00e1n buscando reuniones en este tiempo, lo \u00fanico que pidieron es que bajara un poco la pandemia, la Ciudad de M\u00e9xico est\u00e1 en rojo y no se pueden hacer en un lugar abierto porque son temas sensibles&#8221;.<\/p>\n\n\n\n<p>&#8220;En cuanto baje un poquito los n\u00fameros de la pandemia, porque ustedes saben que, por el contrario, siguen fluctuando, hay que ayudar mucho en ese sentido, entonces nos ayuda mucho que nos aguanten un poquito&#8221;, agreg\u00f3.<\/p>\n\n\n\n<p>La legisladora federal presumi\u00f3 que a diferencia de otras administraciones, hoy se resuelven los feminicidios en tiempo &#8220;r\u00e9cord&#8221;, record\u00f3 que por ejemplo, en el Santuario de Las Garzas, ubicado en esta capital, han ocurrido alrededor de 9 feminicidios, sin embargo, desde 2001, cuando se habr\u00eda registrado el primero de \u00e9stos, no hay un solo detenido o indiciado.<\/p>\n\n\n\n<p>A diferencia de esa situaci\u00f3n, el gobierno y la Fiscal\u00eda General resolvieron r\u00e1pidamente el feminicidio de la nutri\u00f3loga Samara Arroyo Lemarroy,\u00a0&#8220;hoy no s\u00f3lo hay una investigaci\u00f3n, sino un indiciado en tiempo r\u00e9cord y qu\u00e9 nos da muestra este tema, que cambia la procuraci\u00f3n de justicia porque los hombres est\u00e1n sabiendo que si se atreven a ponernos un dedo encima, ser\u00e1 una mujer la que va a investigar y va a ir por ellos&#8221;.<\/p>\n\n\n\n<p>En ese sentido, afirm\u00f3 que las Alertas de Violencia de G\u00e9nero tienen varios par\u00e1metros, uno de \u00e9stos es procurar espacios para que a las mujeres no se les vuelva a violentar, por lo que fue\u00a0ah\u00ed donde garantiz\u00f3 que el Santuario de Las Garzas fue restaurado por el Ejecutivo del Estado &#8220;y en eso consisten las alertas de violencia de g\u00e9nero&#8221;.<\/p>\n\n\n\n<p>Garc\u00eda Cayetano reconoci\u00f3 que hace falta mucho trabajo por hacer porque siguen ocurriendo feminicidios dentro de los hogares, pero afirm\u00f3 que se combate la impunidad que anteriormente permeaba.<\/p>\n\n\n\n<p>Finalmente admiti\u00f3 que cuando no hay una revisi\u00f3n de las Alertas y no hay avances en las mismas, entonces hay que reformularla en los estados donde no hay avances, situaci\u00f3n que se comprometi\u00f3 a revisar desde septiembre del a\u00f1o pasado.<\/p>\n","protected":false},"excerpt":{"rendered":"<p>Dar\u00edo Pale Xalapa, Ver.- Los colectivos de V\u00edctimas de desaparecidos deben de esperar un poco m\u00e1s para ser atendidos &#8220;aguanten un poquito&#8221;, as\u00ed se los solicita la diputada federal de\u00a0Morena, Dorenhy Garc\u00eda Cayetano. Entrevistada en conocido caf\u00e9 del centro de Xalapa se\u00f1al\u00f3 que, &#8220;en cuanto bajen un poquito los n\u00fameros de la pandemia, porque ustedes [&hellip;]<\/p>\n","protected":false},"author":1,"featured_media":10208,"comment_status":"open","ping_status":"open","sticky":false,"template":"","format":"standard","meta":{"_jetpack_memberships_contains_paid_content":false,"footnotes":""},"categories":[2],"tags":[],"class_list":["post-10207","post","type-post","status-publish","format-standard","has-post-thumbnail","hentry","category-estado"],"jetpack_featured_media_url":"https:\/\/encuentroinformativo.com.mx\/wp-content\/uploads\/2021\/01\/48EDC206-ABE9-4E76-A364-538AF0B3058C.jpeg","jetpack_sharing_enabled":true,"jetpack_likes_enabled":true,"amp_enabled":true,"_links":{"self":[{"href":"https:\/\/encuentroinformativo.com.mx\/index.php?rest_route=\/wp\/v2\/posts\/10207","targetHints":{"allow":["GET"]}}],"collection":[{"href":"https:\/\/encuentroinformativo.com.mx\/index.php?rest_route=\/wp\/v2\/posts"}],"about":[{"href":"https:\/\/encuentroinformativo.com.mx\/index.php?rest_route=\/wp\/v2\/types\/post"}],"author":[{"embeddable":true,"href":"https:\/\/encuentroinformativo.com.mx\/index.php?rest_route=\/wp\/v2\/users\/1"}],"replies":[{"embeddable":true,"href":"https:\/\/encuentroinformativo.com.mx\/index.php?rest_route=%2Fwp%2Fv2%2Fcomments&post=10207"}],"version-history":[{"count":1,"href":"https:\/\/encuentroinformativo.com.mx\/index.php?rest_route=\/wp\/v2\/posts\/10207\/revisions"}],"predecessor-version":[{"id":10209,"href":"https:\/\/encuentroinformativo.com.mx\/index.php?rest_route=\/wp\/v2\/posts\/10207\/revisions\/10209"}],"wp:featuredmedia":[{"embeddable":true,"href":"https:\/\/encuentroinformativo.com.mx\/index.php?rest_route=\/wp\/v2\/media\/10208"}],"wp:attachment":[{"href":"https:\/\/encuentroinformativo.com.mx\/index.php?rest_route=%2Fwp%2Fv2%2Fmedia&parent=10207"}],"wp:term":[{"taxonomy":"category","embeddable":true,"href":"https:\/\/encuentroinformativo.com.mx\/index.php?rest_route=%2Fwp%2Fv2%2Fcategories&post=10207"},{"taxonomy":"post_tag","embeddable":true,"href":"https:\/\/encuentroinformativo.com.mx\/index.php?rest_route=%2Fwp%2Fv2%2Ftags&post=10207"}],"curies":[{"name":"wp","href":"https:\/\/api.w.org\/{rel}","templated":true}]}}