{"id":10210,"date":"2021-01-18T15:47:46","date_gmt":"2021-01-18T21:47:46","guid":{"rendered":"https:\/\/encuentroinformativo.com.mx\/?p=10210"},"modified":"2021-01-18T15:47:49","modified_gmt":"2021-01-18T21:47:49","slug":"por-tiempos-electorales-alcalde-porteno-preve-denuncias-en-su-contra","status":"publish","type":"post","link":"https:\/\/encuentroinformativo.com.mx\/?p=10210","title":{"rendered":"Por tiempos electorales, Alcalde porte\u00f1o prev\u00e9 denuncias en su contra"},"content":{"rendered":"\n<p><strong>Alejandro \u00c1vila<\/strong><\/p>\n\n\n\n<p>Veracruz, Ver.- El alcalde de Veracruz, Fernando Yunes M\u00e1rquez, vaticin\u00f3 una ola de denuncias penales en su contra por parte del Gobierno del Estado de Veracruz, toda vez que asegura tienen temor de que \u00e9l participe como candidato a la gubernatura en el 2024.<\/p>\n\n\n\n<p>El pasado jueves 14 de enero, diversos medios de comunicaci\u00f3n aseguraron que el mun\u00edcipe hab\u00eda viajado con su familia a la ciudad de Miami en los Estados Unidos; esto, reclamaron panistas en redes sociales, fue gestado por Gobierno del Estado, pues las notas informativas eran todas iguales, no cambiaron nada del texto que se presume sali\u00f3 de Palacio de Gobierno en Xalapa.<\/p>\n\n\n\n<p>Ante esto, el edil panista confirm\u00f3 fuera de micr\u00f3fonos que s\u00ed hab\u00eda viajado a la Ciudad de M\u00e9xico, donde atendi\u00f3 temas personales y del Partido Acci\u00f3n Nacional (PAN), toda vez que se acercan los procesos internos para la selecci\u00f3n de candidatos en 2021.<\/p>\n\n\n\n<p>\u201cHoy aqu\u00ed les garantizo, \u00bfqu\u00e9 d\u00eda es hoy?, 18, que de aqu\u00ed a medio a\u00f1o me van a denunciar penalmente ante la Fiscal\u00eda del Estado, ante la Fiscal\u00eda Anticorrupci\u00f3n, de la Rep\u00fablica, seguramente me van a sacar alg\u00fan juicio de desafuero, seguramente me van a mandar alguna otra auditoria en tiempo real como la que me mandaron el a\u00f1o pasado, para que digan que soy adivino, ya ver\u00e1 que eso va a pasar en los pr\u00f3ximos meses y muchas otras tonter\u00edas m\u00e1s\u201d, asest\u00f3 el edil.<\/p>\n\n\n\n<p>Yunes M\u00e1rquez dijo que desde hace semanas las injurias en su contra han sido constantes, apunt\u00f3 que han dicho que tuvo Coronavirus, que se fue a vacunar a los Estados Unidos, a lo que expres\u00f3 es algo comprensible toda vez que se acerca el proceso electoral m\u00e1s importante en los \u00faltimos a\u00f1os.<\/p>\n\n\n\n<p>\u201cVivimos de un gobierno de ocurrencias, de estupideces, lo he dicho en infinidad de ocasiones, ellos lo que tienen es p\u00e1nico de que yo participe en el 2024, soy el \u00fanico que se les opone con fuerza, el \u00fanico que no se les vende tambi\u00e9n, y por eso pues van a hacer esto\u201d, subray\u00f3.<\/p>\n\n\n\n<p>Apenas este domingo 17 de enero, Fernando Yunes M\u00e1rquez transmiti\u00f3 un video en vivo desde la avenida Jos\u00e9 Mart\u00ed, alrededor de las 14 horas, donde inform\u00f3 el saldo del operativo de bares y restaurantes en la zona conurbada, donde se clausuraron cuatro comercios por no cumplir las medidas sanitarias adecuadas.<\/p>\n","protected":false},"excerpt":{"rendered":"<p>Alejandro \u00c1vila Veracruz, Ver.- El alcalde de Veracruz, Fernando Yunes M\u00e1rquez, vaticin\u00f3 una ola de denuncias penales en su contra por parte del Gobierno del Estado de Veracruz, toda vez que asegura tienen temor de que \u00e9l participe como candidato a la gubernatura en el 2024. El pasado jueves 14 de enero, diversos medios de [&hellip;]<\/p>\n","protected":false},"author":1,"featured_media":10211,"comment_status":"open","ping_status":"open","sticky":false,"template":"","format":"standard","meta":{"_jetpack_memberships_contains_paid_content":false,"footnotes":""},"categories":[2],"tags":[],"class_list":["post-10210","post","type-post","status-publish","format-standard","has-post-thumbnail","hentry","category-estado"],"jetpack_featured_media_url":"https:\/\/encuentroinformativo.com.mx\/wp-content\/uploads\/2021\/01\/F4464298-9EEA-4A78-AD8C-0435FCFAABB5.jpeg","jetpack_sharing_enabled":true,"jetpack_likes_enabled":true,"amp_enabled":true,"_links":{"self":[{"href":"https:\/\/encuentroinformativo.com.mx\/index.php?rest_route=\/wp\/v2\/posts\/10210","targetHints":{"allow":["GET"]}}],"collection":[{"href":"https:\/\/encuentroinformativo.com.mx\/index.php?rest_route=\/wp\/v2\/posts"}],"about":[{"href":"https:\/\/encuentroinformativo.com.mx\/index.php?rest_route=\/wp\/v2\/types\/post"}],"author":[{"embeddable":true,"href":"https:\/\/encuentroinformativo.com.mx\/index.php?rest_route=\/wp\/v2\/users\/1"}],"replies":[{"embeddable":true,"href":"https:\/\/encuentroinformativo.com.mx\/index.php?rest_route=%2Fwp%2Fv2%2Fcomments&post=10210"}],"version-history":[{"count":1,"href":"https:\/\/encuentroinformativo.com.mx\/index.php?rest_route=\/wp\/v2\/posts\/10210\/revisions"}],"predecessor-version":[{"id":10212,"href":"https:\/\/encuentroinformativo.com.mx\/index.php?rest_route=\/wp\/v2\/posts\/10210\/revisions\/10212"}],"wp:featuredmedia":[{"embeddable":true,"href":"https:\/\/encuentroinformativo.com.mx\/index.php?rest_route=\/wp\/v2\/media\/10211"}],"wp:attachment":[{"href":"https:\/\/encuentroinformativo.com.mx\/index.php?rest_route=%2Fwp%2Fv2%2Fmedia&parent=10210"}],"wp:term":[{"taxonomy":"category","embeddable":true,"href":"https:\/\/encuentroinformativo.com.mx\/index.php?rest_route=%2Fwp%2Fv2%2Fcategories&post=10210"},{"taxonomy":"post_tag","embeddable":true,"href":"https:\/\/encuentroinformativo.com.mx\/index.php?rest_route=%2Fwp%2Fv2%2Ftags&post=10210"}],"curies":[{"name":"wp","href":"https:\/\/api.w.org\/{rel}","templated":true}]}}