{"id":10215,"date":"2021-01-18T16:06:48","date_gmt":"2021-01-18T22:06:48","guid":{"rendered":"https:\/\/encuentroinformativo.com.mx\/?p=10215"},"modified":"2021-01-18T16:06:50","modified_gmt":"2021-01-18T22:06:50","slug":"abogados-piden-penal-para-veracruz-puerto","status":"publish","type":"post","link":"https:\/\/encuentroinformativo.com.mx\/?p=10215","title":{"rendered":"Abogados piden penal para Veracruz puerto"},"content":{"rendered":"\n<p><strong>Alejandro \u00c1vila<\/strong><\/p>\n\n\n\n<p>Veracruz, Ver.- La zona metropolitana que comprende los municipios de Veracruz, Boca del R\u00edo, Medell\u00edn de Bravo, e incluso Alvarado, Jamapa y La Antigua en temas penales, necesita urgentemente que se edifique un penal en la zona, como existi\u00f3 antes en la avenida Allende.<\/p>\n\n\n\n<p>Esto, asegur\u00f3 el presidente del Colegio de Abogados Penalistas, Mario Alejandro Lara Guevara, se debe a que el \u201cpenalito\u201d ubicado en la colonia Playa Linda se encuentra saturado, ya que convergen ah\u00ed infractores de los municipios antes mencionados.<\/p>\n\n\n\n<p>Si bien algunos municipios aleda\u00f1os a Veracruz cuentan con peque\u00f1as c\u00e1rceles para delitos menores, para los que llevan un proceso judicial, que podr\u00eda desencadenar en un traslado a un CERESO en otro municipio, los aglomeran en Playa Linda durante varios d\u00edas, ocasionando un problema de saturaci\u00f3n.<\/p>\n\n\n\n<p>\u201cHemos estado haciendo hincapi\u00e9 a las autoridades correspondientes para que establezca o echen a andar un penal porque es de car\u00e1cter urgente esto, ya en anteriores administraciones lo hemos pedido pero no hemos tenido nada\u201d, asegur\u00f3 el litigante.<\/p>\n\n\n\n<p>Coment\u00f3 que el \u201cpenalito\u201d de Playa Linda se habilit\u00f3 temporalmente para que fungiera como reclusorio, pues hab\u00eda la intenci\u00f3n de suplir el penal de Allende en otro espacio, con mayor espacio y mejores condiciones.<\/p>\n\n\n\n<p>Aclararon que en Playa Linda no se pueden tener a personas que esperan un proceso legal largo, pues no cumple con las condiciones adecuadas para ello, menos ahora que hay pandemia y se deben cumplir con ciertos protocolos sanitarios.<\/p>\n\n\n\n<p>En ese sentido, dijo que los accesos al resto de CERESOS en el Estado de Veracruz contin\u00faan restringidos por la emergencia sanitaria.<\/p>\n","protected":false},"excerpt":{"rendered":"<p>Alejandro \u00c1vila Veracruz, Ver.- La zona metropolitana que comprende los municipios de Veracruz, Boca del R\u00edo, Medell\u00edn de Bravo, e incluso Alvarado, Jamapa y La Antigua en temas penales, necesita urgentemente que se edifique un penal en la zona, como existi\u00f3 antes en la avenida Allende. Esto, asegur\u00f3 el presidente del Colegio de Abogados Penalistas, [&hellip;]<\/p>\n","protected":false},"author":1,"featured_media":10214,"comment_status":"open","ping_status":"open","sticky":false,"template":"","format":"standard","meta":{"_jetpack_memberships_contains_paid_content":false,"footnotes":""},"categories":[2],"tags":[],"class_list":["post-10215","post","type-post","status-publish","format-standard","has-post-thumbnail","hentry","category-estado"],"jetpack_featured_media_url":"https:\/\/encuentroinformativo.com.mx\/wp-content\/uploads\/2021\/01\/6039DAAC-2F28-4433-9C6E-3F968BA3B028.jpeg","jetpack_sharing_enabled":true,"jetpack_likes_enabled":true,"amp_enabled":true,"_links":{"self":[{"href":"https:\/\/encuentroinformativo.com.mx\/index.php?rest_route=\/wp\/v2\/posts\/10215","targetHints":{"allow":["GET"]}}],"collection":[{"href":"https:\/\/encuentroinformativo.com.mx\/index.php?rest_route=\/wp\/v2\/posts"}],"about":[{"href":"https:\/\/encuentroinformativo.com.mx\/index.php?rest_route=\/wp\/v2\/types\/post"}],"author":[{"embeddable":true,"href":"https:\/\/encuentroinformativo.com.mx\/index.php?rest_route=\/wp\/v2\/users\/1"}],"replies":[{"embeddable":true,"href":"https:\/\/encuentroinformativo.com.mx\/index.php?rest_route=%2Fwp%2Fv2%2Fcomments&post=10215"}],"version-history":[{"count":1,"href":"https:\/\/encuentroinformativo.com.mx\/index.php?rest_route=\/wp\/v2\/posts\/10215\/revisions"}],"predecessor-version":[{"id":10216,"href":"https:\/\/encuentroinformativo.com.mx\/index.php?rest_route=\/wp\/v2\/posts\/10215\/revisions\/10216"}],"wp:featuredmedia":[{"embeddable":true,"href":"https:\/\/encuentroinformativo.com.mx\/index.php?rest_route=\/wp\/v2\/media\/10214"}],"wp:attachment":[{"href":"https:\/\/encuentroinformativo.com.mx\/index.php?rest_route=%2Fwp%2Fv2%2Fmedia&parent=10215"}],"wp:term":[{"taxonomy":"category","embeddable":true,"href":"https:\/\/encuentroinformativo.com.mx\/index.php?rest_route=%2Fwp%2Fv2%2Fcategories&post=10215"},{"taxonomy":"post_tag","embeddable":true,"href":"https:\/\/encuentroinformativo.com.mx\/index.php?rest_route=%2Fwp%2Fv2%2Ftags&post=10215"}],"curies":[{"name":"wp","href":"https:\/\/api.w.org\/{rel}","templated":true}]}}