{"id":10220,"date":"2021-01-18T17:14:32","date_gmt":"2021-01-18T23:14:32","guid":{"rendered":"https:\/\/encuentroinformativo.com.mx\/?p=10220"},"modified":"2021-01-18T17:14:35","modified_gmt":"2021-01-18T23:14:35","slug":"en-ciudad-judicial-de-veracruz-son-minimas-las-medidas-sanitarias-acusan-abogados","status":"publish","type":"post","link":"https:\/\/encuentroinformativo.com.mx\/?p=10220","title":{"rendered":"En Ciudad Judicial de Veracruz son m\u00ednimas las medidas sanitarias, acusan abogados"},"content":{"rendered":"\n<p><strong>Alejandro \u00c1vila<\/strong><\/p>\n\n\n\n<p>Veracruz, Ver. &#8211; La llamada Ciudad Judicial en Veracruz puerto, misma que se ubica en la colonia Ortiz Rubio, mantiene los m\u00ednimos controles de sanidad que se deben cumplir durante la contingencia, acus\u00f3 el coordinador general de delegaciones de la Rep\u00fablica Mexicana del Colegio Nacional de Abogados Penalistas, Mario Alberto L\u00f3pez Escalera Hern\u00e1ndez.<\/p>\n\n\n\n<p>Es por ello que sentenci\u00f3 es&nbsp;urgente que los protocolos de sanidad en juzgados sean m\u00e1s estrictos.<\/p>\n\n\n\n<p>Al d\u00eda de hoy, expuso que ha visto las medidas sanitarias no son del todo completas para contrarrestar la situaci\u00f3n de pandemia por COVID-19.<\/p>\n\n\n\n<p>&#8220;Ser estrictos, no dejar pasar a nadie sin cubrebocas, que haya personas que se encarguen de poner gel, que haya mucha limpieza en los juzgados ( \u2026) Yo he ido a los juzgados y no hay nadie que ponga gel a la hora que voy a la mesa o a la oficial\u00eda&#8221;, subray\u00f3.<\/p>\n\n\n\n<p>Un ejemplo, es que al ingreso solo toman la temperatura, pero eso, aclar\u00f3, no sirve para las personas que son asintom\u00e1ticos.<\/p>\n\n\n\n<p>&#8220;Lo que tenemos que hacer es ser estrictos, llevar cubrebocas, mantener sana distancia y lavarse las manos&#8221;, culmin\u00f3.<\/p>\n","protected":false},"excerpt":{"rendered":"<p>Alejandro \u00c1vila Veracruz, Ver. &#8211; La llamada Ciudad Judicial en Veracruz puerto, misma que se ubica en la colonia Ortiz Rubio, mantiene los m\u00ednimos controles de sanidad que se deben cumplir durante la contingencia, acus\u00f3 el coordinador general de delegaciones de la Rep\u00fablica Mexicana del Colegio Nacional de Abogados Penalistas, Mario Alberto L\u00f3pez Escalera Hern\u00e1ndez. [&hellip;]<\/p>\n","protected":false},"author":1,"featured_media":10221,"comment_status":"open","ping_status":"open","sticky":false,"template":"","format":"standard","meta":{"_jetpack_memberships_contains_paid_content":false,"footnotes":""},"categories":[2],"tags":[],"class_list":["post-10220","post","type-post","status-publish","format-standard","has-post-thumbnail","hentry","category-estado"],"jetpack_featured_media_url":"https:\/\/encuentroinformativo.com.mx\/wp-content\/uploads\/2021\/01\/02312A51-A3E1-4AC1-936F-CDA2A3ADF6F2.jpeg","jetpack_sharing_enabled":true,"jetpack_likes_enabled":true,"amp_enabled":true,"_links":{"self":[{"href":"https:\/\/encuentroinformativo.com.mx\/index.php?rest_route=\/wp\/v2\/posts\/10220","targetHints":{"allow":["GET"]}}],"collection":[{"href":"https:\/\/encuentroinformativo.com.mx\/index.php?rest_route=\/wp\/v2\/posts"}],"about":[{"href":"https:\/\/encuentroinformativo.com.mx\/index.php?rest_route=\/wp\/v2\/types\/post"}],"author":[{"embeddable":true,"href":"https:\/\/encuentroinformativo.com.mx\/index.php?rest_route=\/wp\/v2\/users\/1"}],"replies":[{"embeddable":true,"href":"https:\/\/encuentroinformativo.com.mx\/index.php?rest_route=%2Fwp%2Fv2%2Fcomments&post=10220"}],"version-history":[{"count":1,"href":"https:\/\/encuentroinformativo.com.mx\/index.php?rest_route=\/wp\/v2\/posts\/10220\/revisions"}],"predecessor-version":[{"id":10222,"href":"https:\/\/encuentroinformativo.com.mx\/index.php?rest_route=\/wp\/v2\/posts\/10220\/revisions\/10222"}],"wp:featuredmedia":[{"embeddable":true,"href":"https:\/\/encuentroinformativo.com.mx\/index.php?rest_route=\/wp\/v2\/media\/10221"}],"wp:attachment":[{"href":"https:\/\/encuentroinformativo.com.mx\/index.php?rest_route=%2Fwp%2Fv2%2Fmedia&parent=10220"}],"wp:term":[{"taxonomy":"category","embeddable":true,"href":"https:\/\/encuentroinformativo.com.mx\/index.php?rest_route=%2Fwp%2Fv2%2Fcategories&post=10220"},{"taxonomy":"post_tag","embeddable":true,"href":"https:\/\/encuentroinformativo.com.mx\/index.php?rest_route=%2Fwp%2Fv2%2Ftags&post=10220"}],"curies":[{"name":"wp","href":"https:\/\/api.w.org\/{rel}","templated":true}]}}