{"id":10226,"date":"2021-01-19T09:37:16","date_gmt":"2021-01-19T15:37:16","guid":{"rendered":"https:\/\/encuentroinformativo.com.mx\/?p=10226"},"modified":"2021-01-19T09:37:19","modified_gmt":"2021-01-19T15:37:19","slug":"un-no-de-ahued","status":"publish","type":"post","link":"https:\/\/encuentroinformativo.com.mx\/?p=10226","title":{"rendered":"Un No de Ahued&#8230;"},"content":{"rendered":"\n<p><strong>Los Pol\u00edticos<\/strong><\/p>\n\n\n\n<p><strong>Salvador Mu\u00f1oz<\/strong><\/p>\n\n\n\n<p>La acci\u00f3n de las diputadas Dorheny Garc\u00eda Cayetano, Ana Miriam Ferr\u00e1ez y Rosalinda Galindo Silva, con respecto a pedirle al senador Ricard Ahued que acepte ser candidato a la alcald\u00eda de Xalapa por Morena, tiene varias interpretaciones:<\/p>\n\n\n\n<p>1.- Desesperaci\u00f3n. Porque saben que yendo \u00e9l como candidato por Morena se convierte en ancla para favorecer la elecci\u00f3n de cualquiera y los que se sumen por las curules que les correspondan a nivel federal y local a la capital veracruzana.<\/p>\n\n\n\n<p>2.- Presi\u00f3n medi\u00e1tica. Buscan tocar el coraz\u00f3n del xalape\u00f1o que ve con agrado al empresario, como una forma de influir en la decisi\u00f3n de Ahued.<\/p>\n\n\n\n<p>3.- Desorden. \u00bfQu\u00e9 tiene que hacer el titular de la Junta de Coordinaci\u00f3n Pol\u00edtica en esa rueda de prensa de xalape\u00f1as?<\/p>\n\n\n\n<p>4.- Divisi\u00f3n. \u00bfPor qu\u00e9 en lugar de Juan Javier G\u00f3mez Cazar\u00edn, mejor Gonzalo Vicencio, dirigente del partido?<\/p>\n\n\n\n<p>6.- Divisi\u00f3n 2. \u00bfEn representaci\u00f3n de qui\u00e9n fue El Car\u00f3n? \u00bfDel Congreso? \u00bfde Morena? \u00bfde Cuitl\u00e1huac? \u00bfde Bola 8? \u00a1vamos! \u00bfde qui\u00e9n fue emisario?<\/p>\n\n\n\n<p>\u00bfQu\u00e9 hubiera pasado si el sector empresarial, una Canaco, una Canirac, quiz\u00e1s una tercia de xalape\u00f1os de la asociaci\u00f3n civil con renombre, hubieran dado la cara y pedirle a Ahued que fuera el candidato de Morena o de cualquier otro partido, o hasta independiente? Creo que hubiera tenido m\u00e1s peso, tanto pol\u00edtico como ciudadano.<\/p>\n\n\n\n<p>Lo interesante de la decisi\u00f3n que tome Ricardo Ahued, es el camino que se forja, tanto si est\u00e1 a favor de ser el candidato de Morena o lo contrario, si no lo acepta.<\/p>\n\n\n\n<p>En el primer escenario, en caso de que aceptara ser candidato, Ricardo Ahued deja de ser empresario, deja de ser senador, se olvida uno de su paso por Aduanas, as\u00ed como su recorrido por San L\u00e1zaro y el Palacio de Encanto, hasta cuando fue primer edil en Xalapa, para empezar a entender su nueva funci\u00f3n: de ganar la presidencia municipal, no ser\u00eda alcalde, sino \u201cestercolero municipal\u201d.<\/p>\n\n\n\n<p>Por qu\u00e9 \u201cEstercolero Municipal\u201d? Por una raz\u00f3n muy simple. En el momento en que Ricardo Ahued diga \u201cs\u00ed, acepto\u201d, uno entiende que avala no s\u00f3lo el p\u00e9simo trabajo de un alcalde que bien merece una revisi\u00f3n a fondo de su administraci\u00f3n municipal.<\/p>\n\n\n\n<p>(Si llegara Sergio Hern\u00e1ndez a la alcald\u00eda, si llegara David Velasco Chedraui, o cualquier otro precandidato de la oposici\u00f3n de los que hoy suenan, j\u00farelo que la primera acci\u00f3n a ejecutar, ser\u00eda una revisi\u00f3n exhaustiva al \u201ctrabajo\u201d de Hip\u00f3litio y los recursos que se fueron por la borda y conste, no hablo de lo que devolvi\u00f3 a la federaci\u00f3n, sino a simple vista, a ojo de buen cubero, los 150 millones de pesos que habr\u00edan de darle forma al Biodigestor que transformar\u00eda basura en energ\u00eda el\u00e9ctrica\u2026)<\/p>\n\n\n\n<p>Sinceramente no creemos que por la posici\u00f3n que guarda Morena, de taparse todos con la misma cobija, Ahued estar\u00eda en condiciones de hacer hasta una simple \u201cobservaci\u00f3n\u201d al desastre de Hip\u00f3lito\u2026 al contrario, es seguro que estar\u00eda obligado a cerrar los ojos y guardar silencio, como si no hubiera pasado nada y limpiar toda la \u201ccalabaza\u201d que se ha hecho a lo largo de esta administraci\u00f3n.<\/p>\n\n\n\n<p>Caso contrario: Decir No, implicar\u00eda no convertirse en c\u00f3mplice del desastre, de la impunidad, del desorden en que vienen trabajando con Hip\u00f3lito las dem\u00e1s entidades donde es Poder Morena. Un No de Ahued, ser\u00eda querer a Xalapa, a los xalape\u00f1os, a Veracruz&#8230; quererse a s\u00ed mismo, pero sobre todas las cosas, le dar\u00eda todav\u00eda m\u00e1s valor a su imagen, lo aquilatar\u00eda, quiz\u00e1s para dar paso al candidato id\u00f3neo para el 2024\u2026 por supuesto, no por Morena.<\/p>\n\n\n\n<p><a href=\"mailto:smcainito@gmail.com\" target=\"_blank\" rel=\"noreferrer noopener\">smcainito@gmail.com<\/a><\/p>\n","protected":false},"excerpt":{"rendered":"<p>Los Pol\u00edticos Salvador Mu\u00f1oz La acci\u00f3n de las diputadas Dorheny Garc\u00eda Cayetano, Ana Miriam Ferr\u00e1ez y Rosalinda Galindo Silva, con respecto a pedirle al senador Ricard Ahued que acepte ser candidato a la alcald\u00eda de Xalapa por Morena, tiene varias interpretaciones: 1.- Desesperaci\u00f3n. Porque saben que yendo \u00e9l como candidato por Morena se convierte en [&hellip;]<\/p>\n","protected":false},"author":1,"featured_media":70,"comment_status":"open","ping_status":"open","sticky":false,"template":"","format":"standard","meta":{"_jetpack_memberships_contains_paid_content":false,"footnotes":""},"categories":[11],"tags":[],"class_list":["post-10226","post","type-post","status-publish","format-standard","has-post-thumbnail","hentry","category-opinion"],"jetpack_featured_media_url":"https:\/\/encuentroinformativo.com.mx\/wp-content\/uploads\/2020\/02\/opinion-invitado.jpg","jetpack_sharing_enabled":true,"jetpack_likes_enabled":true,"amp_enabled":true,"_links":{"self":[{"href":"https:\/\/encuentroinformativo.com.mx\/index.php?rest_route=\/wp\/v2\/posts\/10226","targetHints":{"allow":["GET"]}}],"collection":[{"href":"https:\/\/encuentroinformativo.com.mx\/index.php?rest_route=\/wp\/v2\/posts"}],"about":[{"href":"https:\/\/encuentroinformativo.com.mx\/index.php?rest_route=\/wp\/v2\/types\/post"}],"author":[{"embeddable":true,"href":"https:\/\/encuentroinformativo.com.mx\/index.php?rest_route=\/wp\/v2\/users\/1"}],"replies":[{"embeddable":true,"href":"https:\/\/encuentroinformativo.com.mx\/index.php?rest_route=%2Fwp%2Fv2%2Fcomments&post=10226"}],"version-history":[{"count":1,"href":"https:\/\/encuentroinformativo.com.mx\/index.php?rest_route=\/wp\/v2\/posts\/10226\/revisions"}],"predecessor-version":[{"id":10227,"href":"https:\/\/encuentroinformativo.com.mx\/index.php?rest_route=\/wp\/v2\/posts\/10226\/revisions\/10227"}],"wp:featuredmedia":[{"embeddable":true,"href":"https:\/\/encuentroinformativo.com.mx\/index.php?rest_route=\/wp\/v2\/media\/70"}],"wp:attachment":[{"href":"https:\/\/encuentroinformativo.com.mx\/index.php?rest_route=%2Fwp%2Fv2%2Fmedia&parent=10226"}],"wp:term":[{"taxonomy":"category","embeddable":true,"href":"https:\/\/encuentroinformativo.com.mx\/index.php?rest_route=%2Fwp%2Fv2%2Fcategories&post=10226"},{"taxonomy":"post_tag","embeddable":true,"href":"https:\/\/encuentroinformativo.com.mx\/index.php?rest_route=%2Fwp%2Fv2%2Ftags&post=10226"}],"curies":[{"name":"wp","href":"https:\/\/api.w.org\/{rel}","templated":true}]}}