{"id":10228,"date":"2021-01-19T10:08:42","date_gmt":"2021-01-19T16:08:42","guid":{"rendered":"https:\/\/encuentroinformativo.com.mx\/?p=10228"},"modified":"2021-01-19T10:15:35","modified_gmt":"2021-01-19T16:15:35","slug":"inah-nego-primer-proyecto-de-remodelacion-de-independencia","status":"publish","type":"post","link":"https:\/\/encuentroinformativo.com.mx\/?p=10228","title":{"rendered":"INAH neg\u00f3 primer proyecto de remodelaci\u00f3n de Independencia"},"content":{"rendered":"\n<p><strong>Alejandro \u00c1vila<\/strong><\/p>\n\n\n\n<p>Veracruz, Ver.- En la segunda quincena de diciembre del 2020, el Instituto Nacional de Antropolog\u00eda e Historia (INAH) le neg\u00f3 el primer proyecto que present\u00f3 el Ayuntamiento de Veracruz para la remodelaci\u00f3n de la avenida Independencia, confirm\u00f3 el alcalde Fernando Yunes M\u00e1rquez.<\/p>\n\n\n\n<p>El proyecto que en su primera etapa costar\u00e1 cerca de 10 millones de pesos, tendr\u00eda su fuente de financiamiento de los parqu\u00edmetros, ya que cabe recordar el monto que se recauda por su servicio se utiliza para obras de remodelaci\u00f3n del Centro Hist\u00f3rico, todo avalado por el Fideicomiso que encabezan las C\u00e1maras Empresariales.<\/p>\n\n\n\n<p>\u201cQueremos hacer la infraestructura de Independencia Peatonal, desgraciadamente el INA nos neg\u00f3 el primer permiso o proyecto, cosa que lamento, estamos trabajando con ellos para que lo autoricen lo antes posible y poder tener una avenida Independencia mucho m\u00e1s bonita que como la vemos hoy (\u2026) lo entregamos cerca del mes de noviembre, nos lo negaron m\u00e1s o menos a mediados de diciembre, por ah\u00ed del 15 \u2013 18 de diciembre\u201d, subray\u00f3 el panista.<\/p>\n\n\n\n<p>Esta remodelaci\u00f3n consiste en hacer las banquetas m\u00e1s grandes y que solo est\u00e9 disponible el carril de en medio, pero \u00fanicamente para casos de emergencia donde puedan transitar patrullas, pipas de bomberos o ambulancias; es decir, se buscar\u00e1 que realmente se haga un paso peatonal para que durante los fines de semana les sea m\u00e1s f\u00e1cil cerrar el carril disponible y poder llevar a cabo eventos culturales o comerciales.<\/p>\n\n\n\n<p>\u201cNo es adoquinar como tal, en realidad el arroyo vehicular se queda como tal, solamente ser\u00eda cambiar todo el material de banquetas y hacerlas mucho m\u00e1s grandes, tendr\u00edamos tramos de banquetas hasta de casi seis metros, cosa que la verdad estar\u00eda fabuloso para que la gente pueda venir a caminar (\u2026) en esta primera etapa cerca de 10 millones de pesos, que es de la Catedral a donde termina el hotel Diligencias\u201d, detall\u00f3.<\/p>\n\n\n\n<p>En 2019 lo casi 14 millones de pesos recaudados en el Fideicomiso de Parqu\u00edmetros, se utiliz\u00f3 en la remodelaci\u00f3n de la avenida Landero y Coss, adem\u00e1s de la colocaci\u00f3n de se\u00f1al\u00e9tica y la compra de mobiliario urbano.<\/p>\n\n\n\n<p>El promedio mensual de ingresos es de 500 mil pesos, aunque este se vio afectada por la pandemia, ya que se redujo hasta en un 90 por ciento, apunt\u00f3 Yunes M\u00e1rquez, y en ocasiones no se logr\u00f3 recaudar nada, pues durante meses se elimin\u00f3 el pago del parqu\u00edmetro en el primer cuadro de la ciudad.<\/p>\n\n\n\n<p>El poco recurso que ingres\u00f3 en 2020 se sumar\u00e1 a lo ya recaudado durante este a\u00f1o y hasta que el INAH acepte el nuevo proyecto, una vez aprobado los trabajos se iniciar\u00e1n de manera inmediata y deber\u00e1n concluirse antes de que finalice el 2021.<\/p>\n","protected":false},"excerpt":{"rendered":"<p>Alejandro \u00c1vila Veracruz, Ver.- En la segunda quincena de diciembre del 2020, el Instituto Nacional de Antropolog\u00eda e Historia (INAH) le neg\u00f3 el primer proyecto que present\u00f3 el Ayuntamiento de Veracruz para la remodelaci\u00f3n de la avenida Independencia, confirm\u00f3 el alcalde Fernando Yunes M\u00e1rquez. El proyecto que en su primera etapa costar\u00e1 cerca de 10 [&hellip;]<\/p>\n","protected":false},"author":1,"featured_media":10229,"comment_status":"open","ping_status":"open","sticky":false,"template":"","format":"standard","meta":{"_jetpack_memberships_contains_paid_content":false,"footnotes":""},"categories":[2],"tags":[],"class_list":["post-10228","post","type-post","status-publish","format-standard","has-post-thumbnail","hentry","category-estado"],"jetpack_featured_media_url":"https:\/\/encuentroinformativo.com.mx\/wp-content\/uploads\/2021\/01\/286672B7-0448-421F-B191-90D62D642EF6.jpeg","jetpack_sharing_enabled":true,"jetpack_likes_enabled":true,"amp_enabled":true,"_links":{"self":[{"href":"https:\/\/encuentroinformativo.com.mx\/index.php?rest_route=\/wp\/v2\/posts\/10228","targetHints":{"allow":["GET"]}}],"collection":[{"href":"https:\/\/encuentroinformativo.com.mx\/index.php?rest_route=\/wp\/v2\/posts"}],"about":[{"href":"https:\/\/encuentroinformativo.com.mx\/index.php?rest_route=\/wp\/v2\/types\/post"}],"author":[{"embeddable":true,"href":"https:\/\/encuentroinformativo.com.mx\/index.php?rest_route=\/wp\/v2\/users\/1"}],"replies":[{"embeddable":true,"href":"https:\/\/encuentroinformativo.com.mx\/index.php?rest_route=%2Fwp%2Fv2%2Fcomments&post=10228"}],"version-history":[{"count":2,"href":"https:\/\/encuentroinformativo.com.mx\/index.php?rest_route=\/wp\/v2\/posts\/10228\/revisions"}],"predecessor-version":[{"id":10231,"href":"https:\/\/encuentroinformativo.com.mx\/index.php?rest_route=\/wp\/v2\/posts\/10228\/revisions\/10231"}],"wp:featuredmedia":[{"embeddable":true,"href":"https:\/\/encuentroinformativo.com.mx\/index.php?rest_route=\/wp\/v2\/media\/10229"}],"wp:attachment":[{"href":"https:\/\/encuentroinformativo.com.mx\/index.php?rest_route=%2Fwp%2Fv2%2Fmedia&parent=10228"}],"wp:term":[{"taxonomy":"category","embeddable":true,"href":"https:\/\/encuentroinformativo.com.mx\/index.php?rest_route=%2Fwp%2Fv2%2Fcategories&post=10228"},{"taxonomy":"post_tag","embeddable":true,"href":"https:\/\/encuentroinformativo.com.mx\/index.php?rest_route=%2Fwp%2Fv2%2Ftags&post=10228"}],"curies":[{"name":"wp","href":"https:\/\/api.w.org\/{rel}","templated":true}]}}