{"id":10238,"date":"2021-01-19T11:14:43","date_gmt":"2021-01-19T17:14:43","guid":{"rendered":"https:\/\/encuentroinformativo.com.mx\/?p=10238"},"modified":"2021-01-19T11:14:46","modified_gmt":"2021-01-19T17:14:46","slug":"ana-miriam-dorheny-rosalinda","status":"publish","type":"post","link":"https:\/\/encuentroinformativo.com.mx\/?p=10238","title":{"rendered":"Ana Miriam, Dorheny, Rosalinda"},"content":{"rendered":"\n<p><strong>N\u00fameros Rojos<\/strong><\/p>\n\n\n\n<p><strong>Brenda Caballero<\/strong><\/p>\n\n\n\n<p>Si las mujeres que han dado su vida a trav\u00e9s de la historia para que nosotras tuvi\u00e9ramos los mismos derechos que los hombres en los \u00e1mbitos pol\u00edtico, econ\u00f3mico y social; las que pelearon y murieron porque tuvi\u00e9ramos derecho a votar y ser votadas; las que tomaron las calles, pelearon con u\u00f1as y dientes; las que se unieron sin colores partidistas en los Congresos por lograr la paridad del 50-50 que hoy tenemos; si todas ellas hubieran visto la conferencia de ayer donde las diputadas Ana Miriam Ferr\u00e1ez Centeno, Dorheny Garc\u00eda Cayetano y Rosalinda Galindo Silva se unieron para pedir la candidatura de un hombre a la alcald\u00eda de Xalapa,&nbsp; se hubieran dado cuenta que todo por lo que lucharon simplemente no lo hemos entendido a\u00fan.<\/p>\n\n\n\n<p>No se trata de Ricardo Ahued Bardahuil, que muy amablemente agradeci\u00f3 que mujeres de Morena lo consideraron para ser candidato a la alcald\u00eda. No. Se trata de nosotras. De nuestra lucha, de lograr la igualdad. De las mujeres. De la paridad que hemos logrado. \u00bfD\u00f3nde qued\u00f3?<\/p>\n\n\n\n<p>Si quer\u00edan salir a posicionarse y mostrar unidad \u00bfpor qu\u00e9 no se apoyaron entre ellas y cerraron filas por alguna de las tres?&nbsp;<\/p>\n\n\n\n<p>Muy diferente hubiese sido el mensaje mandado a las xalape\u00f1as en esa conferencia si las tres legisladoras que tambi\u00e9n aspiran a la alcald\u00eda de la capital, se hubieran mantenido unidas por una mujer. \u00bfAcaso no les importa la paridad hist\u00f3rica que hemos alcanzado?&nbsp; \u00bfPor qu\u00e9 apoyar p\u00fablicamente a un var\u00f3n? \u00bfNo se supone que debemos pelear por m\u00e1s espacios para las mujeres?<\/p>\n\n\n\n<p>A lo mejor si usted es var\u00f3n no me entienda, pero en lo personal, desde este espacio, cada semana pugno por la igualdad entre hombres y mujeres; y lo que vi en la conferencia de ayer, fue a 3 mujeres pidiendo un candidato var\u00f3n.&nbsp; Casi-casi un salvador, muy lejos de la ansiada paridad por la que muchas de nosotras luchan d\u00eda con d\u00eda.<\/p>\n\n\n\n<p>Ante tal acci\u00f3n, disculpe usted, pero no puedo evitar la pregunta: \u00bfQu\u00e9 est\u00e1n haciendo las diputadas desde sus curules para contribuir a la equidad de g\u00e9nero en nuestro estado? \u00bfDe verdad quieren igualdad entre hombres y mujeres en Veracruz o \u00fanicamente van tras el poder de la reelecci\u00f3n o de mantener a su partido en el Poder?&nbsp;<\/p>\n\n\n\n<p>Ahora bien, \u00bfel posicionamiento fue idea de ellas o siguen obedeciendo a estructuras patriarcales que no permiten el avance de las mujeres y solamente lo maquillan?<\/p>\n\n\n\n<p>Es abrumador para m\u00ed ver ese escenario, porque ellas llegaron a los espacios que tienen gracias a la paridad, a que otras mujeres han luchado para conseguir los espacios que tienen actualmente, no por sus partidos. Pero parece que lo han olvidado o simplemente no lo quieren ver.<\/p>\n\n\n\n<p>Existiendo temas m\u00e1s importantes en Veracruz como tratar de cambiar las cifras de los segundos lugares que tenemos en feminicidios, en violencia de g\u00e9nero y tercer lugar en secuestros de mujeres, salen las tres y muestran su apoyo a un pol\u00edtico.<\/p>\n\n\n\n<p>Disculpen diputadas, \u00bfpero en qu\u00e9 estado viven?<\/p>\n\n\n\n<p>\u00bfAcaso no ven la falta de acciones que necesitamos emprendan ustedes en favor de las veracruzanas?<\/p>\n\n\n\n<p>Esa misma uni\u00f3n la necesitamos para resolver la inequidad de g\u00e9nero en la que est\u00e1 sumido el estado de Veracruz.<\/p>\n\n\n\n<p>Independientemente si Don Ricardo acepta o no la invitaci\u00f3n, por lo pronto en Veracruz ya hicimos \u201chistoria\u201d por la uni\u00f3n de tres mujeres para pedirle a un var\u00f3n que sea candidato.<\/p>\n\n\n\n<p>@NumerosRojos_BC<\/p>\n\n\n\n<p><a href=\"mailto:caballero_brenda@hotmail.com\" target=\"_blank\" rel=\"noreferrer noopener\">caballero_brenda@hotmail.com<\/a><\/p>\n","protected":false},"excerpt":{"rendered":"<p>N\u00fameros Rojos Brenda Caballero Si las mujeres que han dado su vida a trav\u00e9s de la historia para que nosotras tuvi\u00e9ramos los mismos derechos que los hombres en los \u00e1mbitos pol\u00edtico, econ\u00f3mico y social; las que pelearon y murieron porque tuvi\u00e9ramos derecho a votar y ser votadas; las que tomaron las calles, pelearon con u\u00f1as [&hellip;]<\/p>\n","protected":false},"author":1,"featured_media":387,"comment_status":"open","ping_status":"open","sticky":false,"template":"","format":"standard","meta":{"_jetpack_memberships_contains_paid_content":false,"footnotes":""},"categories":[11],"tags":[],"class_list":["post-10238","post","type-post","status-publish","format-standard","has-post-thumbnail","hentry","category-opinion"],"jetpack_featured_media_url":"https:\/\/encuentroinformativo.com.mx\/wp-content\/uploads\/2020\/03\/7CF8A22B-2764-47BE-8F7F-38FE9E5D6A2F.jpeg","jetpack_sharing_enabled":true,"jetpack_likes_enabled":true,"amp_enabled":true,"_links":{"self":[{"href":"https:\/\/encuentroinformativo.com.mx\/index.php?rest_route=\/wp\/v2\/posts\/10238","targetHints":{"allow":["GET"]}}],"collection":[{"href":"https:\/\/encuentroinformativo.com.mx\/index.php?rest_route=\/wp\/v2\/posts"}],"about":[{"href":"https:\/\/encuentroinformativo.com.mx\/index.php?rest_route=\/wp\/v2\/types\/post"}],"author":[{"embeddable":true,"href":"https:\/\/encuentroinformativo.com.mx\/index.php?rest_route=\/wp\/v2\/users\/1"}],"replies":[{"embeddable":true,"href":"https:\/\/encuentroinformativo.com.mx\/index.php?rest_route=%2Fwp%2Fv2%2Fcomments&post=10238"}],"version-history":[{"count":1,"href":"https:\/\/encuentroinformativo.com.mx\/index.php?rest_route=\/wp\/v2\/posts\/10238\/revisions"}],"predecessor-version":[{"id":10239,"href":"https:\/\/encuentroinformativo.com.mx\/index.php?rest_route=\/wp\/v2\/posts\/10238\/revisions\/10239"}],"wp:featuredmedia":[{"embeddable":true,"href":"https:\/\/encuentroinformativo.com.mx\/index.php?rest_route=\/wp\/v2\/media\/387"}],"wp:attachment":[{"href":"https:\/\/encuentroinformativo.com.mx\/index.php?rest_route=%2Fwp%2Fv2%2Fmedia&parent=10238"}],"wp:term":[{"taxonomy":"category","embeddable":true,"href":"https:\/\/encuentroinformativo.com.mx\/index.php?rest_route=%2Fwp%2Fv2%2Fcategories&post=10238"},{"taxonomy":"post_tag","embeddable":true,"href":"https:\/\/encuentroinformativo.com.mx\/index.php?rest_route=%2Fwp%2Fv2%2Ftags&post=10238"}],"curies":[{"name":"wp","href":"https:\/\/api.w.org\/{rel}","templated":true}]}}