{"id":1024,"date":"2020-03-17T18:01:50","date_gmt":"2020-03-18T00:01:50","guid":{"rendered":"https:\/\/encuentroinformativo.com\/?p=1024"},"modified":"2020-03-17T18:01:51","modified_gmt":"2020-03-18T00:01:51","slug":"gobierno-no-interviene-en-celebraciones-religiosas-afirma-sergio-montes","status":"publish","type":"post","link":"https:\/\/encuentroinformativo.com.mx\/?p=1024","title":{"rendered":"Gobierno no interviene en celebraciones religiosas, afirma Sergio Montes"},"content":{"rendered":"\n<p><strong>Dar\u00edo Pale <\/strong><\/p>\n\n\n\n<p>Xalapa, Ver.- Ser\u00e1 la propia iglesia cat\u00f3lica la que determine si se realizaran las oficios religiosos durante la Semana Santa, as\u00ed lo se\u00f1al\u00f3 el director de Asuntos Religiosos del Gobierno del Estado, Sergio Ulises Montes Guzm\u00e1n.<\/p>\n\n\n\n<p>Entrevistado en los pasillos de conocido caf\u00e9 del centro de Xalapa, indic\u00f3 que como gobierno no puede intervenir en las decisiones que tome la iglesia cat\u00f3lica, hasta el momento no han tenido ninguna reuni\u00f3n de manera oficial.<\/p>\n\n\n\n<p>No obstante han tenido un acercamiento con las iglesias y ellas han tomado sus decisiones como lo hizo la Conferencia del Episcopado Mexicano (CEM), donde lanz\u00f3 un comunicado a los Obispos de M\u00e9xico para suspender algunas misas, retiros y congresos.<\/p>\n\n\n\n<p>Agreg\u00f3 que lo que pueden hacer es llevar a cabo las recomendaciones sanitarias para evitar la propagaci\u00f3n del virus, por lo que los grupos religiosos han sido responsable evitando llevar a cabo aglomeraciones.<\/p>\n\n\n\n<p>Finalmente se\u00f1al\u00f3 que la iglesia ya ha tomado las medidas correspondientes para la Semana Santa y ver si suspenden las actividades, pero de no ser as\u00ed las tienen que limitar.<\/p>\n\n\n\n<p><\/p>\n","protected":false},"excerpt":{"rendered":"<p>Dar\u00edo Pale Xalapa, Ver.- Ser\u00e1 la propia iglesia cat\u00f3lica la que determine si se realizaran las oficios religiosos durante la Semana Santa, as\u00ed lo se\u00f1al\u00f3 el director de Asuntos Religiosos del Gobierno del Estado, Sergio Ulises Montes Guzm\u00e1n. Entrevistado en los pasillos de conocido caf\u00e9 del centro de Xalapa, indic\u00f3 que como gobierno no puede [&hellip;]<\/p>\n","protected":false},"author":1,"featured_media":1025,"comment_status":"open","ping_status":"open","sticky":false,"template":"","format":"standard","meta":{"_jetpack_memberships_contains_paid_content":false,"footnotes":""},"categories":[2],"tags":[],"class_list":["post-1024","post","type-post","status-publish","format-standard","has-post-thumbnail","hentry","category-estado"],"jetpack_featured_media_url":"https:\/\/encuentroinformativo.com.mx\/wp-content\/uploads\/2020\/03\/3A2BEECC-BEF2-4923-823E-6CACADA28985.jpeg","jetpack_sharing_enabled":true,"jetpack_likes_enabled":true,"amp_enabled":true,"_links":{"self":[{"href":"https:\/\/encuentroinformativo.com.mx\/index.php?rest_route=\/wp\/v2\/posts\/1024","targetHints":{"allow":["GET"]}}],"collection":[{"href":"https:\/\/encuentroinformativo.com.mx\/index.php?rest_route=\/wp\/v2\/posts"}],"about":[{"href":"https:\/\/encuentroinformativo.com.mx\/index.php?rest_route=\/wp\/v2\/types\/post"}],"author":[{"embeddable":true,"href":"https:\/\/encuentroinformativo.com.mx\/index.php?rest_route=\/wp\/v2\/users\/1"}],"replies":[{"embeddable":true,"href":"https:\/\/encuentroinformativo.com.mx\/index.php?rest_route=%2Fwp%2Fv2%2Fcomments&post=1024"}],"version-history":[{"count":1,"href":"https:\/\/encuentroinformativo.com.mx\/index.php?rest_route=\/wp\/v2\/posts\/1024\/revisions"}],"predecessor-version":[{"id":1026,"href":"https:\/\/encuentroinformativo.com.mx\/index.php?rest_route=\/wp\/v2\/posts\/1024\/revisions\/1026"}],"wp:featuredmedia":[{"embeddable":true,"href":"https:\/\/encuentroinformativo.com.mx\/index.php?rest_route=\/wp\/v2\/media\/1025"}],"wp:attachment":[{"href":"https:\/\/encuentroinformativo.com.mx\/index.php?rest_route=%2Fwp%2Fv2%2Fmedia&parent=1024"}],"wp:term":[{"taxonomy":"category","embeddable":true,"href":"https:\/\/encuentroinformativo.com.mx\/index.php?rest_route=%2Fwp%2Fv2%2Fcategories&post=1024"},{"taxonomy":"post_tag","embeddable":true,"href":"https:\/\/encuentroinformativo.com.mx\/index.php?rest_route=%2Fwp%2Fv2%2Ftags&post=1024"}],"curies":[{"name":"wp","href":"https:\/\/api.w.org\/{rel}","templated":true}]}}