{"id":10250,"date":"2021-01-19T15:05:57","date_gmt":"2021-01-19T21:05:57","guid":{"rendered":"https:\/\/encuentroinformativo.com.mx\/?p=10250"},"modified":"2021-01-19T15:06:00","modified_gmt":"2021-01-19T21:06:00","slug":"comision-permanente-del-pan-aprueba-contender-en-alianzas","status":"publish","type":"post","link":"https:\/\/encuentroinformativo.com.mx\/?p=10250","title":{"rendered":"Comisi\u00f3n permanente del PAN aprueba contender en alianzas"},"content":{"rendered":"\n<p><strong>Juan Arcos <\/strong><\/p>\n\n\n\n<p>Xalapa, Ver.- El dirigente estatal del Partido Acci\u00f3n Nacional (PAN), Joaqu\u00edn Guzm\u00e1n Avil\u00e9s, dio a conocer que en sesi\u00f3n de la Comisi\u00f3n Permanente estatal se aprob\u00f3 suscribir convenios con otros partidos pol\u00edticos, exceptuando el partido Movimiento de Regeneraci\u00f3n Nacional (Morena), para ir en alianza flexible o parcial en este proceso electoral local.<\/p>\n\n\n\n<p>En un comunicado oficial, el l\u00edder del albiazul destac\u00f3 que la alianza se suma a la construcci\u00f3n del frente opositor donde hay representaci\u00f3n de sectores de la sociedad civil organizada, comercio, campo, academia y otros.<\/p>\n\n\n\n<p>\u201cLa alianza que podremos formalizar con otros partidos pol\u00edticos, es parte del frente opositor ciudadano; el objetivo es rescatar a Veracruz de la crisis en la que se encuentra por la ineptitud del gobierno de Morena\u201d.<\/p>\n\n\n\n<p>El dirigente del PAN en Veracruz record\u00f3 que el pasado 28 de diciembre del 2020, el Consejo Estatal aprob\u00f3 el acuerdo para turnar a la Comisi\u00f3n Permanente la propuesta de celebraci\u00f3n de convenios de coalici\u00f3n con otras fuerzas pol\u00edticas, mismo que fue analizado y aprobado durante el lunes 18 de enero.<\/p>\n\n\n\n<p>Guzm\u00e1n Avil\u00e9s coment\u00f3 que la prioridad en las mesas de di\u00e1logo que se han mantenido con otros partidos pol\u00edticos, ha sido la defensa de la voluntad de la militancia y el proyecto para rescatar a Veracruz.<\/p>\n\n\n\n<p>\u201cAhora continuaremos promoviendo una alianza equilibrada y respetuosa, que forme parte del bloque opositor y que atienda la voluntad de las y los ciudadanos que en los municipios y distritos locales y federales han manifestado su confianza en el PAN para gobernar y dar resultados\u201d<\/p>\n\n\n\n<p>A su juicio, las y los integrantes de la Comisi\u00f3n Permanente coincidieron en la responsabilidad hist\u00f3rica que tiene el PAN en defensa de la democracia, para enfrentar al actual gobierno.<\/p>\n","protected":false},"excerpt":{"rendered":"<p>Juan Arcos Xalapa, Ver.- El dirigente estatal del Partido Acci\u00f3n Nacional (PAN), Joaqu\u00edn Guzm\u00e1n Avil\u00e9s, dio a conocer que en sesi\u00f3n de la Comisi\u00f3n Permanente estatal se aprob\u00f3 suscribir convenios con otros partidos pol\u00edticos, exceptuando el partido Movimiento de Regeneraci\u00f3n Nacional (Morena), para ir en alianza flexible o parcial en este proceso electoral local. En [&hellip;]<\/p>\n","protected":false},"author":1,"featured_media":10251,"comment_status":"open","ping_status":"open","sticky":false,"template":"","format":"standard","meta":{"_jetpack_memberships_contains_paid_content":false,"footnotes":""},"categories":[2],"tags":[],"class_list":["post-10250","post","type-post","status-publish","format-standard","has-post-thumbnail","hentry","category-estado"],"jetpack_featured_media_url":"https:\/\/encuentroinformativo.com.mx\/wp-content\/uploads\/2021\/01\/8EB01069-BD02-47D6-89EF-30D1DD07676C.jpeg","jetpack_sharing_enabled":true,"jetpack_likes_enabled":true,"amp_enabled":true,"_links":{"self":[{"href":"https:\/\/encuentroinformativo.com.mx\/index.php?rest_route=\/wp\/v2\/posts\/10250","targetHints":{"allow":["GET"]}}],"collection":[{"href":"https:\/\/encuentroinformativo.com.mx\/index.php?rest_route=\/wp\/v2\/posts"}],"about":[{"href":"https:\/\/encuentroinformativo.com.mx\/index.php?rest_route=\/wp\/v2\/types\/post"}],"author":[{"embeddable":true,"href":"https:\/\/encuentroinformativo.com.mx\/index.php?rest_route=\/wp\/v2\/users\/1"}],"replies":[{"embeddable":true,"href":"https:\/\/encuentroinformativo.com.mx\/index.php?rest_route=%2Fwp%2Fv2%2Fcomments&post=10250"}],"version-history":[{"count":1,"href":"https:\/\/encuentroinformativo.com.mx\/index.php?rest_route=\/wp\/v2\/posts\/10250\/revisions"}],"predecessor-version":[{"id":10252,"href":"https:\/\/encuentroinformativo.com.mx\/index.php?rest_route=\/wp\/v2\/posts\/10250\/revisions\/10252"}],"wp:featuredmedia":[{"embeddable":true,"href":"https:\/\/encuentroinformativo.com.mx\/index.php?rest_route=\/wp\/v2\/media\/10251"}],"wp:attachment":[{"href":"https:\/\/encuentroinformativo.com.mx\/index.php?rest_route=%2Fwp%2Fv2%2Fmedia&parent=10250"}],"wp:term":[{"taxonomy":"category","embeddable":true,"href":"https:\/\/encuentroinformativo.com.mx\/index.php?rest_route=%2Fwp%2Fv2%2Fcategories&post=10250"},{"taxonomy":"post_tag","embeddable":true,"href":"https:\/\/encuentroinformativo.com.mx\/index.php?rest_route=%2Fwp%2Fv2%2Ftags&post=10250"}],"curies":[{"name":"wp","href":"https:\/\/api.w.org\/{rel}","templated":true}]}}