{"id":10261,"date":"2021-01-19T15:50:51","date_gmt":"2021-01-19T21:50:51","guid":{"rendered":"https:\/\/encuentroinformativo.com.mx\/?p=10261"},"modified":"2021-01-19T15:50:53","modified_gmt":"2021-01-19T21:50:53","slug":"demandan-autodefensas-a-fgr-atraer-multihomicidio-de-las-choapas","status":"publish","type":"post","link":"https:\/\/encuentroinformativo.com.mx\/?p=10261","title":{"rendered":"Demandan autodefensas a FGR atraer multihomicidio de Las Choapas"},"content":{"rendered":"\n<p><strong>Juan Arcos <\/strong><\/p>\n\n\n\n<p>Xalapa, Ver.- El Frente Nacional de Autodefensas confirm\u00f3 que entre los 12 ejecutados en el municipio de Las Choapas se encontraba un l\u00edder de autodefensas.<\/p>\n\n\n\n<p>As\u00ed lo dio a conocer Francisco Carmona Cort\u00e9s, l\u00edder de autodefensas en Xalapa, quien adem\u00e1s conden\u00f3 el multihomicidio registrado en la zona sur de la entidad, la noche del pasado domingo.<\/p>\n\n\n\n<p>\u201cYa corroboramos que uno de ellos s\u00ed era l\u00edder de autodefensas de esa zona, ya que se hab\u00eda pronunciado abiertamente as\u00ed hace casi dos a\u00f1os. Lamentamos los hechos, es lamentable que sucedan este tipo de actos cobardes donde fallecen 12 personas\u201d.<\/p>\n\n\n\n<p>El entrevistado lament\u00f3 que las autoridades intenten criminalizar a las personas que fallecieron en dicho acontecimiento.<\/p>\n\n\n\n<p>En ese sentido, exigi\u00f3 al gobierno federal que la Fiscal\u00eda General de la Rep\u00fablica (FGR) atraiga el caso para que se lleven a cabo las investigaciones correspondientes y se deslinden responsabilidades.<\/p>\n\n\n\n<p>\u201cNo es una petici\u00f3n solamente de autodefensas, este es un llamado general porque no hay otra manera de que pueda solucionarse\u201d.<\/p>\n\n\n\n<p>Cabe recordar que recientemente el gobernador Cuitl\u00e1huac Garc\u00eda Jim\u00e9nez indic\u00f3 que las primeras indagatorias apuntan a que el multihomicidio pudo registrarse por conflictos entre ganaderos de la regi\u00f3n.<\/p>\n\n\n\n<p>Carmona Cort\u00e9s opin\u00f3 que la violencia ha incrementado en la entidad veracruzana, toda vez que casi todos los d\u00edas contin\u00faan registr\u00e1ndose la desaparici\u00f3n de personas y ejecuciones.<\/p>\n","protected":false},"excerpt":{"rendered":"<p>Juan Arcos Xalapa, Ver.- El Frente Nacional de Autodefensas confirm\u00f3 que entre los 12 ejecutados en el municipio de Las Choapas se encontraba un l\u00edder de autodefensas. As\u00ed lo dio a conocer Francisco Carmona Cort\u00e9s, l\u00edder de autodefensas en Xalapa, quien adem\u00e1s conden\u00f3 el multihomicidio registrado en la zona sur de la entidad, la noche [&hellip;]<\/p>\n","protected":false},"author":1,"featured_media":10262,"comment_status":"open","ping_status":"open","sticky":false,"template":"","format":"standard","meta":{"_jetpack_memberships_contains_paid_content":false,"footnotes":""},"categories":[2],"tags":[],"class_list":["post-10261","post","type-post","status-publish","format-standard","has-post-thumbnail","hentry","category-estado"],"jetpack_featured_media_url":"https:\/\/encuentroinformativo.com.mx\/wp-content\/uploads\/2021\/01\/840A82B8-3FC5-4714-B3A5-5CE0F6EF56B6.jpeg","jetpack_sharing_enabled":true,"jetpack_likes_enabled":true,"amp_enabled":true,"_links":{"self":[{"href":"https:\/\/encuentroinformativo.com.mx\/index.php?rest_route=\/wp\/v2\/posts\/10261","targetHints":{"allow":["GET"]}}],"collection":[{"href":"https:\/\/encuentroinformativo.com.mx\/index.php?rest_route=\/wp\/v2\/posts"}],"about":[{"href":"https:\/\/encuentroinformativo.com.mx\/index.php?rest_route=\/wp\/v2\/types\/post"}],"author":[{"embeddable":true,"href":"https:\/\/encuentroinformativo.com.mx\/index.php?rest_route=\/wp\/v2\/users\/1"}],"replies":[{"embeddable":true,"href":"https:\/\/encuentroinformativo.com.mx\/index.php?rest_route=%2Fwp%2Fv2%2Fcomments&post=10261"}],"version-history":[{"count":1,"href":"https:\/\/encuentroinformativo.com.mx\/index.php?rest_route=\/wp\/v2\/posts\/10261\/revisions"}],"predecessor-version":[{"id":10263,"href":"https:\/\/encuentroinformativo.com.mx\/index.php?rest_route=\/wp\/v2\/posts\/10261\/revisions\/10263"}],"wp:featuredmedia":[{"embeddable":true,"href":"https:\/\/encuentroinformativo.com.mx\/index.php?rest_route=\/wp\/v2\/media\/10262"}],"wp:attachment":[{"href":"https:\/\/encuentroinformativo.com.mx\/index.php?rest_route=%2Fwp%2Fv2%2Fmedia&parent=10261"}],"wp:term":[{"taxonomy":"category","embeddable":true,"href":"https:\/\/encuentroinformativo.com.mx\/index.php?rest_route=%2Fwp%2Fv2%2Fcategories&post=10261"},{"taxonomy":"post_tag","embeddable":true,"href":"https:\/\/encuentroinformativo.com.mx\/index.php?rest_route=%2Fwp%2Fv2%2Ftags&post=10261"}],"curies":[{"name":"wp","href":"https:\/\/api.w.org\/{rel}","templated":true}]}}