{"id":10264,"date":"2021-01-19T20:39:10","date_gmt":"2021-01-20T02:39:10","guid":{"rendered":"https:\/\/encuentroinformativo.com.mx\/?p=10264"},"modified":"2021-01-19T20:39:16","modified_gmt":"2021-01-20T02:39:16","slug":"campamento-centinelas-celebrara-aniversario","status":"publish","type":"post","link":"https:\/\/encuentroinformativo.com.mx\/?p=10264","title":{"rendered":"Campamento Centinelas celebrar\u00e1 aniversario"},"content":{"rendered":"\n<p><strong>Juan Arcos <\/strong><\/p>\n\n\n\n<p>Xalapa, Ver.- El campamento de los \u201ccentinelas\u201d que defienden el r\u00edo Los Pescados cumple siete a\u00f1os este 20 de enero, donde han tenido que aplicar estrategias para mantener la vigilancia y evitar que la empresa Odebrecht haga maniobras para la instalaci\u00f3n de una presa hidroel\u00e9ctrica.<\/p>\n\n\n\n<p>De acuerdo con Carlos del Campo, integrante de Pueblos Unidos de la Cuenca de la Antigua por los R\u00edos Libres (Pucarl), el campamento est\u00e1 en \u201cpausa\u201d, es decir, que no hay presencia de \u201ccentinelas\u201d en dicho lugar, desde marzo pasado, por la pandemia del SARS-COV-2 (COVID-19).<\/p>\n\n\n\n<p>Sin embargo, detall\u00f3 que contin\u00faan realizando recorridos \u201cr\u00edo abajo\u201d para proteger la cuenta de megaproyectos que atentan contra 23 comunidades de la regi\u00f3n capital.<\/p>\n\n\n\n<p>&#8220;Llevamos siete a\u00f1os ah\u00ed, impidiendo que se establezca la empresa Odebrecht para poner una hidroel\u00e9ctrica que afectar\u00eda al r\u00edo Jalcomulco y a todo r\u00edo abajo porque tenemos conocimiento que las represas van secando poco a poco el r\u00edo, adem\u00e1s de causar un riesgo para la poblaci\u00f3n\u201d.<\/p>\n\n\n\n<p>El entrevistado indic\u00f3 que las presas hidroel\u00e9ctricas tienen a secar los r\u00edos y, por ello, hace siete a\u00f1os surgi\u00f3 el movimiento de resistencia para impedir el ingreso de la compa\u00f1\u00eda brasile\u00f1a.<\/p>\n\n\n\n<p>\u201cAdem\u00e1s de causar un riesgo para la poblaci\u00f3n en caso de un rompimiento de la cortina, que es com\u00fan y ha pasado antes\u201d.\u00a0<br>Carlos del Campo record\u00f3 que a\u00f1o tras a\u00f1o el aniversario del campamento era celebrado mediante una convivencia, misma que fue suspendida este a\u00f1o por la emergencia sanitaria.<\/p>\n\n\n\n<p>\u201cEl campamento est\u00e1 en pausa para cuidar a la poblaci\u00f3n pero estamos haciendo como Pucarl, rondines hacia el r\u00edo para asegurarnos de que no haya otro intento\u201d, a\u00f1adi\u00f3 el activista.<\/p>\n\n\n\n<p>Finalmente, mencion\u00f3 que en agosto pasado se gan\u00f3 un amparo para que regrese la veda en la cuenca de los r\u00edos La Antigua y Actopan.<\/p>\n","protected":false},"excerpt":{"rendered":"<p>Juan Arcos Xalapa, Ver.- El campamento de los \u201ccentinelas\u201d que defienden el r\u00edo Los Pescados cumple siete a\u00f1os este 20 de enero, donde han tenido que aplicar estrategias para mantener la vigilancia y evitar que la empresa Odebrecht haga maniobras para la instalaci\u00f3n de una presa hidroel\u00e9ctrica. De acuerdo con Carlos del Campo, integrante de [&hellip;]<\/p>\n","protected":false},"author":1,"featured_media":10265,"comment_status":"open","ping_status":"open","sticky":false,"template":"","format":"standard","meta":{"_jetpack_memberships_contains_paid_content":false,"footnotes":""},"categories":[8],"tags":[],"class_list":["post-10264","post","type-post","status-publish","format-standard","has-post-thumbnail","hentry","category-region"],"jetpack_featured_media_url":"https:\/\/encuentroinformativo.com.mx\/wp-content\/uploads\/2021\/01\/45133CC3-82FE-417E-8299-AF12A50A5C39.jpeg","jetpack_sharing_enabled":true,"jetpack_likes_enabled":true,"amp_enabled":true,"_links":{"self":[{"href":"https:\/\/encuentroinformativo.com.mx\/index.php?rest_route=\/wp\/v2\/posts\/10264","targetHints":{"allow":["GET"]}}],"collection":[{"href":"https:\/\/encuentroinformativo.com.mx\/index.php?rest_route=\/wp\/v2\/posts"}],"about":[{"href":"https:\/\/encuentroinformativo.com.mx\/index.php?rest_route=\/wp\/v2\/types\/post"}],"author":[{"embeddable":true,"href":"https:\/\/encuentroinformativo.com.mx\/index.php?rest_route=\/wp\/v2\/users\/1"}],"replies":[{"embeddable":true,"href":"https:\/\/encuentroinformativo.com.mx\/index.php?rest_route=%2Fwp%2Fv2%2Fcomments&post=10264"}],"version-history":[{"count":1,"href":"https:\/\/encuentroinformativo.com.mx\/index.php?rest_route=\/wp\/v2\/posts\/10264\/revisions"}],"predecessor-version":[{"id":10266,"href":"https:\/\/encuentroinformativo.com.mx\/index.php?rest_route=\/wp\/v2\/posts\/10264\/revisions\/10266"}],"wp:featuredmedia":[{"embeddable":true,"href":"https:\/\/encuentroinformativo.com.mx\/index.php?rest_route=\/wp\/v2\/media\/10265"}],"wp:attachment":[{"href":"https:\/\/encuentroinformativo.com.mx\/index.php?rest_route=%2Fwp%2Fv2%2Fmedia&parent=10264"}],"wp:term":[{"taxonomy":"category","embeddable":true,"href":"https:\/\/encuentroinformativo.com.mx\/index.php?rest_route=%2Fwp%2Fv2%2Fcategories&post=10264"},{"taxonomy":"post_tag","embeddable":true,"href":"https:\/\/encuentroinformativo.com.mx\/index.php?rest_route=%2Fwp%2Fv2%2Ftags&post=10264"}],"curies":[{"name":"wp","href":"https:\/\/api.w.org\/{rel}","templated":true}]}}