{"id":10267,"date":"2021-01-19T20:51:21","date_gmt":"2021-01-20T02:51:21","guid":{"rendered":"https:\/\/encuentroinformativo.com.mx\/?p=10267"},"modified":"2021-01-19T20:51:23","modified_gmt":"2021-01-20T02:51:23","slug":"congreso-autoriza-licencia-para-separarse-del-cargo-a-3-legisladores","status":"publish","type":"post","link":"https:\/\/encuentroinformativo.com.mx\/?p=10267","title":{"rendered":"Congreso autoriza licencia para separarse del cargo a 3 legisladores"},"content":{"rendered":"\n<p><strong>*Se ausentar\u00e1n de sus funciones de diputados los ciudadanos Amado Jes\u00fas Cruz Malpica, Sergio Hern\u00e1ndez Hern\u00e1ndez y Juan Manuel de Un\u00e1nue Abascal.<\/strong><\/p>\n\n\n\n<p>Xalapa, Ver.- En sesi\u00f3n ordinaria y por obvia resoluci\u00f3n, el Pleno de la LXV Legislatura aval\u00f3 las licencias para separarse del cargo a los diputados Amado Jes\u00fas Cruz Malpica, de Morena; Sergio Hern\u00e1ndez Hern\u00e1ndez y Juan Manuel de Un\u00e1nue Abascal, del Grupo Legislativo del PAN.<\/p>\n\n\n\n<p>La licencia del legislador Amado Cruz Malpica abarca el periodo comprendido del 28 de enero al 30 de junio; del diputado Sergio Hern\u00e1ndez, del 22 de enero al 15 de febrero, y la del diputado Juan Manuel de Un\u00e1nue Abascal, 30 d\u00edas, contados a partir del 21 de enero de este a\u00f1o.<\/p>\n\n\n\n<p>En consecuencia, la presidenta de la Mesa Directiva, diputada Adriana Paola Linares Capitanachi, instruy\u00f3 a la Secretar\u00eda General convocar a los respectivos suplentes para que asuman el cargo, en tanto dura cada licencia.<\/p>\n\n\n\n<p>En el desarrollo de la sesi\u00f3n, la coordinadora del Grupo Legislativo Mixto de los Partidos Revolucionario Institucional y del Verde Ecologista de M\u00e9xico (PRI-PVEM), Erika Ayala R\u00edos, notific\u00f3 al Pleno la adhesi\u00f3n del diputado del Distrito I, de P\u00e1nuco, Rodrigo Garc\u00eda Escalante, a esta bancada. Por ende, se instruy\u00f3 a la Secretar\u00eda General realizar los registros correspondientes.<\/p>\n\n\n\n<p>Asimismo, las diputadas y diputados aprobaron, por obvia resoluci\u00f3n, la solicitud de licencia del ciudadano Eduardo Rojas Camacho, para separarse del cargo de presidente municipal propietario del ayuntamiento de Amatl\u00e1n de los Reyes, a partir del 20 de enero y hasta el 7 de junio de la presente anualidad.<\/p>\n\n\n\n<p>Por otra parte, el Pleno se dio por enterado de la remisi\u00f3n del Segundo Informe de Actividades de las diputadas Adriana Paola Linares Capitanachi, Brianda Kristel Hern\u00e1ndez Topete, Mar\u00eda Esther L\u00f3pez Callejas, Florencia Mart\u00ednez Rivera, Erika Ayala R\u00edos y Adriana Esther Mart\u00ednez S\u00e1nchez, as\u00ed como de los legisladores Jos\u00e9 Magdaleno Rosales Torres, Juan Javier G\u00f3mez Cazar\u00edn, Rub\u00e9n R\u00edos Uribe, V\u00edctor Emmanuel Vargas Barrientos, Jorge Moreno Salinas, Wenceslao Gonz\u00e1lez Mart\u00ednez, Antonio Garc\u00eda Reyes y Raymundo Andrade Rivera.<\/p>\n\n\n\n<p>Adem\u00e1s, se dio entrada a la Junta de Coordinaci\u00f3n Pol\u00edtica (Jucopo) la respuesta de la titular del \u00d3rgano de Fiscalizaci\u00f3n Superior del Estado (Orfis) en relaci\u00f3n al exhorto de este Poder Legislativo de realizar una auditor\u00eda integral al Organismo P\u00fablico Descentralizado de los municipios de Veracruz y Medell\u00edn de Bravo, denominado Instituto Metropolitano del Agua, a fin de determinar el cumplimiento de sus funciones de regulaci\u00f3n, supervisi\u00f3n y vigilancia, conforme con el t\u00edtulo de concesi\u00f3n otorgado para la prestaci\u00f3n de los servicios de agua y saneamiento.<\/p>\n\n\n\n<p>De igual forma, fue turnada a la Comisi\u00f3n Permanente de Hacienda del Estado la solicitud de autorizaci\u00f3n, enviada por el Gobernador del Estado, para enajenar a t\u00edtulo gratuito una superficie, deducida de una mayor, de la parcela 15 z-1 p 1\/1 del ex ejido Emiliano Zapata, actualmente municipio de Xalapa, a favor del Gobierno Federal, con destino a la Secretar\u00eda de la Defensa Nacional, para la construcci\u00f3n de una compa\u00f1\u00eda de la Guardia Nacional.<\/p>\n\n\n\n<p>La misma Comisi\u00f3n Legislativa analizar\u00e1 la documentaci\u00f3n enviada por el Consejero Presidente y Secretario Ejecutivo del Organismo P\u00fablico Local Electoral (Ople), mediante los cuales solicitan a este Poder una ampliaci\u00f3n presupuestal para el ejercicio fiscal 2021, para el proceso electoral ordinario 2020-2021.<\/p>\n\n\n\n<p>En los temas desahogados de la correspondencia, este Congreso se dio por enterado de la designaci\u00f3n de la C. Nayeli Toral Ruiz como presidenta municipal y del ciudadano Jos\u00e9 Altamirano Ram\u00edrez, como S\u00edndico \u00danico, de Actopan, informado por el propio ayuntamiento.<\/p>\n\n\n\n<h1 class=\"wp-block-heading\"><\/h1>\n","protected":false},"excerpt":{"rendered":"<p>*Se ausentar\u00e1n de sus funciones de diputados los ciudadanos Amado Jes\u00fas Cruz Malpica, Sergio Hern\u00e1ndez Hern\u00e1ndez y Juan Manuel de Un\u00e1nue Abascal. Xalapa, Ver.- En sesi\u00f3n ordinaria y por obvia resoluci\u00f3n, el Pleno de la LXV Legislatura aval\u00f3 las licencias para separarse del cargo a los diputados Amado Jes\u00fas Cruz Malpica, de Morena; Sergio Hern\u00e1ndez [&hellip;]<\/p>\n","protected":false},"author":1,"featured_media":10268,"comment_status":"open","ping_status":"open","sticky":false,"template":"","format":"standard","meta":{"_jetpack_memberships_contains_paid_content":false,"footnotes":""},"categories":[2],"tags":[],"class_list":["post-10267","post","type-post","status-publish","format-standard","has-post-thumbnail","hentry","category-estado"],"jetpack_featured_media_url":"https:\/\/encuentroinformativo.com.mx\/wp-content\/uploads\/2021\/01\/F325B134-255D-4A4F-845E-55A6E9A961D2.jpeg","jetpack_sharing_enabled":true,"jetpack_likes_enabled":true,"amp_enabled":true,"_links":{"self":[{"href":"https:\/\/encuentroinformativo.com.mx\/index.php?rest_route=\/wp\/v2\/posts\/10267","targetHints":{"allow":["GET"]}}],"collection":[{"href":"https:\/\/encuentroinformativo.com.mx\/index.php?rest_route=\/wp\/v2\/posts"}],"about":[{"href":"https:\/\/encuentroinformativo.com.mx\/index.php?rest_route=\/wp\/v2\/types\/post"}],"author":[{"embeddable":true,"href":"https:\/\/encuentroinformativo.com.mx\/index.php?rest_route=\/wp\/v2\/users\/1"}],"replies":[{"embeddable":true,"href":"https:\/\/encuentroinformativo.com.mx\/index.php?rest_route=%2Fwp%2Fv2%2Fcomments&post=10267"}],"version-history":[{"count":1,"href":"https:\/\/encuentroinformativo.com.mx\/index.php?rest_route=\/wp\/v2\/posts\/10267\/revisions"}],"predecessor-version":[{"id":10269,"href":"https:\/\/encuentroinformativo.com.mx\/index.php?rest_route=\/wp\/v2\/posts\/10267\/revisions\/10269"}],"wp:featuredmedia":[{"embeddable":true,"href":"https:\/\/encuentroinformativo.com.mx\/index.php?rest_route=\/wp\/v2\/media\/10268"}],"wp:attachment":[{"href":"https:\/\/encuentroinformativo.com.mx\/index.php?rest_route=%2Fwp%2Fv2%2Fmedia&parent=10267"}],"wp:term":[{"taxonomy":"category","embeddable":true,"href":"https:\/\/encuentroinformativo.com.mx\/index.php?rest_route=%2Fwp%2Fv2%2Fcategories&post=10267"},{"taxonomy":"post_tag","embeddable":true,"href":"https:\/\/encuentroinformativo.com.mx\/index.php?rest_route=%2Fwp%2Fv2%2Ftags&post=10267"}],"curies":[{"name":"wp","href":"https:\/\/api.w.org\/{rel}","templated":true}]}}