{"id":10270,"date":"2021-01-20T08:49:06","date_gmt":"2021-01-20T14:49:06","guid":{"rendered":"https:\/\/encuentroinformativo.com.mx\/?p=10270"},"modified":"2021-01-20T08:49:09","modified_gmt":"2021-01-20T14:49:09","slug":"esa-relacion-rara-y-las-elecciones","status":"publish","type":"post","link":"https:\/\/encuentroinformativo.com.mx\/?p=10270","title":{"rendered":"Esa relaci\u00f3n rara y las elecciones"},"content":{"rendered":"\n<p><strong>Los Pol\u00edticos<\/strong><\/p>\n\n\n\n<p><strong>Salvador Mu\u00f1oz<\/strong><\/p>\n\n\n\n<p>Muy independiente de Xalapa, Morena tiene en la mira a nivel local, otro escenario: mantener la mayor\u00eda en el Congreso de Veracruz. Mismo inter\u00e9s igual tiene por San L\u00e1zaro. Sabe que conservando la mayor\u00eda en el Poder legislativo, estatal y nacional, hay lugar para seguir haciendo y deshaciendo las Leyes, desapareciendo instituciones y redirigiendo recursos hacia un solo Poder\u2026<\/p>\n\n\n\n<p>Esto no es sin duda alguna, ajeno a ning\u00fan partido pol\u00edtico que ha alcanzado el poder: mantenerlo, conservarlo, ejercerlo\u2026 el asunto se complica cuando ciertos antecedentes como que ensombrecen las pretensiones del Partido en el Poder por hacerlo y a\u00fan m\u00e1s por las condiciones en que las campa\u00f1as se han de realizar con una pandemia fuera de control, tanto por las propias autoridades sanitarias como por los mismos ciudadanos\u2026 vayamos por partes:<\/p>\n\n\n\n<p>Son muchos los mensajes que el Gobierno ha dado con respecto a \u201csu combate al crimen organizado\u201d, siendo el primero una frase con aires pacifistas: \u201cabrazos, no balazos\u201d. Si bien, nadie en su sano juicio podr\u00eda debatir esta idea, tampoco los delincuentes se enojan por ello, luego que en Tamaulipas oyeron tremenda arenga del Presidente con un \u201c\u00a1que se vaya al carajo la delincuencia! \u00a1Fuchi!, \u00a1gu\u00e1cala! Es como la corrupci\u00f3n: \u00a1fuchi! \u00a1gu\u00e1cala!\u201d<\/p>\n\n\n\n<p>Por si esto fuera poco, inolvidable fue el rega\u00f1o de padrecito a los criminales: &#8220;As\u00ed no es la cosa; yo los llamo a que recapaciten, a que piensen en ellos, pero sobre todo, que piensen en sus familias; piensen en sus madres, sus mamacitas; saben cu\u00e1nto sufren las mam\u00e1s por el amor sublime que se le tiene a los hijos&#8221;.<\/p>\n\n\n\n<p>Estos antecedentes de su lucha contra el crimen organizado parecen ser sacados del programa de Stand Up La Ma\u00f1anera y nos llevaron en un momento, a desternillarnos de risa\u2026 pero nuestra hilaridad pas\u00f3 al espanto: El encuentro de L\u00f3pez Obrador con Mar\u00eda Consuelo Loera P\u00e9rez, madre del Chapo, l\u00edder del C\u00e1rtel de Sinaloa.<\/p>\n\n\n\n<p>A nadie, creo, estoy seguro, le pudiera parecer rara, esa peligrosa relaci\u00f3n entre crimen organizado y autoridades, ya sea por miedo, complicidad y si usted gusta, \u201ccordialidad pol\u00edtica\u201d&#8230; L\u00f3pez Obrador la llam\u00f3 \u201cPor Humanidad\u201d. Antes de ese encuentro, s\u00f3lo lo pudimos imaginar en alg\u00fan episodio de alguna serie de narcos o quiz\u00e1s en un esquema muy reducido de nuestro pensamiento llegamos a creer que si se daban esas relaciones, ser\u00edan en lo oscurito y no \u201ca lo cara de perro\u201d.<\/p>\n\n\n\n<p>Ya que se habla de la familia del Chapo, un episodio que marca igual ese extra\u00f1o combate al crimen organizado por parte del Gobierno representado por L\u00f3pez Obrador, es la captura y liberaci\u00f3n de Ovidio Guzm\u00e1n, el hijo del Chapo. Se puede decir y escribir mucho de este fen\u00f3meno pol\u00edtico y de seguridad que vivi\u00f3 el pa\u00eds y que se vio traducido por muchos en dos escenarios: el crimen organizado puso de rodillas al Gobierno\u2026 o simplemente \u00e9ste ya estaba de por s\u00ed, de hinojos.<\/p>\n\n\n\n<p>El caso de Salvador Cienfuegos es hasta el momento, la cereza de este pastel que parece, se est\u00e1n comiendo el Gobierno y el crimen organizado, lo que nos lleva a pensar en las pr\u00f3ximas elecciones donde se ha de renovar el Poder Legislativo\u2026 \u00bfHasta d\u00f3nde el Poder Ejecutivo es capaz de llegar para mantener el control en San L\u00e1zaro? Digo, para los candidatos de oposici\u00f3n ya bastante ser\u00e1 complicado con la pandemia, tratar de convencer a los ciudadanos a reflexionar su voto en aras de hacerle contrapeso al Presidente omnipotente desde el Congreso, como para ponerse a pensar en que en una de \u00e9sas, el crimen organizado \u201centre a desanimar\u201d a los candidatos de la oposici\u00f3n\u2026 ya tuvimos un proceso electoral 2018 muy violento como para tener que repetirlo, en aras de conservar el poder, este 2021.<\/p>\n\n\n\n<p><a>smcainito@gmail.com<\/a><\/p>\n","protected":false},"excerpt":{"rendered":"<p>Los Pol\u00edticos Salvador Mu\u00f1oz Muy independiente de Xalapa, Morena tiene en la mira a nivel local, otro escenario: mantener la mayor\u00eda en el Congreso de Veracruz. Mismo inter\u00e9s igual tiene por San L\u00e1zaro. Sabe que conservando la mayor\u00eda en el Poder legislativo, estatal y nacional, hay lugar para seguir haciendo y deshaciendo las Leyes, desapareciendo [&hellip;]<\/p>\n","protected":false},"author":1,"featured_media":70,"comment_status":"open","ping_status":"open","sticky":false,"template":"","format":"standard","meta":{"_jetpack_memberships_contains_paid_content":false,"footnotes":""},"categories":[11],"tags":[],"class_list":["post-10270","post","type-post","status-publish","format-standard","has-post-thumbnail","hentry","category-opinion"],"jetpack_featured_media_url":"https:\/\/encuentroinformativo.com.mx\/wp-content\/uploads\/2020\/02\/opinion-invitado.jpg","jetpack_sharing_enabled":true,"jetpack_likes_enabled":true,"amp_enabled":true,"_links":{"self":[{"href":"https:\/\/encuentroinformativo.com.mx\/index.php?rest_route=\/wp\/v2\/posts\/10270","targetHints":{"allow":["GET"]}}],"collection":[{"href":"https:\/\/encuentroinformativo.com.mx\/index.php?rest_route=\/wp\/v2\/posts"}],"about":[{"href":"https:\/\/encuentroinformativo.com.mx\/index.php?rest_route=\/wp\/v2\/types\/post"}],"author":[{"embeddable":true,"href":"https:\/\/encuentroinformativo.com.mx\/index.php?rest_route=\/wp\/v2\/users\/1"}],"replies":[{"embeddable":true,"href":"https:\/\/encuentroinformativo.com.mx\/index.php?rest_route=%2Fwp%2Fv2%2Fcomments&post=10270"}],"version-history":[{"count":1,"href":"https:\/\/encuentroinformativo.com.mx\/index.php?rest_route=\/wp\/v2\/posts\/10270\/revisions"}],"predecessor-version":[{"id":10271,"href":"https:\/\/encuentroinformativo.com.mx\/index.php?rest_route=\/wp\/v2\/posts\/10270\/revisions\/10271"}],"wp:featuredmedia":[{"embeddable":true,"href":"https:\/\/encuentroinformativo.com.mx\/index.php?rest_route=\/wp\/v2\/media\/70"}],"wp:attachment":[{"href":"https:\/\/encuentroinformativo.com.mx\/index.php?rest_route=%2Fwp%2Fv2%2Fmedia&parent=10270"}],"wp:term":[{"taxonomy":"category","embeddable":true,"href":"https:\/\/encuentroinformativo.com.mx\/index.php?rest_route=%2Fwp%2Fv2%2Fcategories&post=10270"},{"taxonomy":"post_tag","embeddable":true,"href":"https:\/\/encuentroinformativo.com.mx\/index.php?rest_route=%2Fwp%2Fv2%2Ftags&post=10270"}],"curies":[{"name":"wp","href":"https:\/\/api.w.org\/{rel}","templated":true}]}}