{"id":10272,"date":"2021-01-20T09:58:11","date_gmt":"2021-01-20T15:58:11","guid":{"rendered":"https:\/\/encuentroinformativo.com.mx\/?p=10272"},"modified":"2021-01-20T09:58:14","modified_gmt":"2021-01-20T15:58:14","slug":"inhumano-literalmente-los-aventaron-a-la-mierda","status":"publish","type":"post","link":"https:\/\/encuentroinformativo.com.mx\/?p=10272","title":{"rendered":"INHUMANO: LITERALMENTE LOS AVENTARON A LA MIERDA"},"content":{"rendered":"\n<ul class=\"wp-block-list\"><li>\u00bfYunes busca una plurinominal?<\/li><li>Vieron a la Gudi\u00f1o en Montemagno.<\/li><li>La falacia de los alcaldes de Xalapa.<\/li><\/ul>\n\n\n\n<p>Megapedote de Alicia Villarreal en Pacho.<br>Deben estar rezando que no se les muera el interno.<br>&#8211;Chopenjawer<\/p>\n\n\n\n<p>Ahora se sabe que lo acontecido el pasado lunes en el penal de Pacho Viejo, en Coatepec, fue un acto inhumano y muy deleznable.<\/p>\n\n\n\n<p>Fuentes penitenciarias del Centro de Reinserci\u00f3n Social (Cereso) de Pacho Viejo refieren que los tres internos que terminaron intoxicados por realizar labores en un drenaje, en realidad no ten\u00edan por qu\u00e9 desempe\u00f1ar ese tipo de tareas porque para ello existe personal de mantenimiento.<\/p>\n\n\n\n<p>Esas labores &#8211;que no corresponden a los internos por el nivel que implica de peligrosidad&#8211; fue confirmada por la propia Secretar\u00eda de Seguridad P\u00fablica (SSP), que en sus redes sociales inform\u00f3 que \u201clos hechos ocurrieron cuando se realizaba mantenimiento en el drenaje del pasillo principal de la poblaci\u00f3n varonil, al introducir una varilla para destaparlo, \u00e9sta se ator\u00f3 por lo que un PPL (Persona Privada de su Libertad), por iniciativa propia, se introduce y sufre un desmayo al inhalar los gases generados al interior de la alcantarilla&#8221;.<\/p>\n\n\n\n<p>Seguridad P\u00fablica abunda: &#8220;Dos se reportan como estables y en observaci\u00f3n; uno se encuentra en terapia intensiva&#8221;.<\/p>\n\n\n\n<p>No obstante, las mismas fuentes del penal detallan que con el PPL grave no se manejaron los protocolos adecuados al darse su salida hacia el Hospital Civil de Xalapa, donde permanece internado. Sencillamente, no hay personal capacitado como primer respondiente para casos de esta naturaleza.<\/p>\n\n\n\n<p>Otras versiones van en el sentido de que los mismos custodios se estaban burlando de los PPLs desmayados en lugar de ayudarlos a salir, y eso se sabe al interior de SSP y tambi\u00e9n tendr\u00eda conocimiento la titular Sarah\u00ed Pe\u00f1a Galaviz, actual subsecretaria de Prevenci\u00f3n y Participaci\u00f3n Ciudadana.<\/p>\n\n\n\n<p>Pe\u00f1a Galaviz ocup\u00f3 la direcci\u00f3n de varios penales en los gobiernos de Fidel Herrera Beltr\u00e1n y de Javier Duarte de Ochoa \u201cpero \u2013seg\u00fan el portal Sin Embargo- fue despedida al inicio de la administraci\u00f3n panista de Miguel \u00c1ngel Yunes Linares por la fuga de un reo en el penal de Playa Linda, del puerto de Veracruz&#8221;.<\/p>\n\n\n\n<p>Finalmente, se sabe que otro interno fue quien se atrevi\u00f3 a entrar amarrado de una cuerda &#8211;para que si perd\u00eda el conocimiento, lo jalaran desde afuera&#8211; y fue as\u00ed como rescat\u00f3 a los dem\u00e1s que se encontraban desmayados, mismos que pudo amarrar a tiempo antes de caer inconsciente.<\/p>\n\n\n\n<p>En el hospital reportan que el PPL que est\u00e1 grave no ten\u00eda ni un mes de ingresado: apenas lleg\u00f3 al penal el 22 de diciembre. Sobre su salud hab\u00eda incertidumbre hasta hace unas horas; por el grado de intoxicaci\u00f3n, no pod\u00edan medicarlo adecuadamente.<\/p>\n\n\n\n<p>Es verdaderamente absurdo: \u00bfqui\u00e9n en su sano juicio, sin las herramientas y la capacitaci\u00f3n, se mete a un hoyo literalmente atascado de excremento y los gases que estos generan?<\/p>\n\n\n\n<p>Obvio, los responsables ten\u00edan qu\u00e9 decir que el primer &#8220;culpable&#8221; fue el &#8220;inconsciente&#8221; reo que &#8220;por iniciativa propia&#8221; quiso meterse a una olla llena de caca para arreglar un problema del alcantarillado.<\/p>\n\n\n\n<p>Para nadie es secreto que al interior de los penales se realiza la famosa \u201ctalacha\u201d: trabajos forzados de los cuales un interno se puede liberar si paga una cuota a los que verdaderamente mandan en el penal.<\/p>\n\n\n\n<p>Este caso del alcantarillado encuadra en eso: en una \u201ctalacha\u201d. Un castigo muy inhumano.<\/p>\n\n\n\n<p>A estas alturas ya deber\u00eda haber una investigaci\u00f3n en curso sobre qui\u00e9n permiti\u00f3 que un interno &#8211;por mucha buena disposici\u00f3n que demostrara&#8211; bajara a una olla de drenaje a costa de exponer su propia vida.<\/p>\n\n\n\n<p>Dicen que all\u00e1 en la Torre de SSP deben estar rezando para que no se les muera el interno que seg\u00fan salt\u00f3 por iniciativa propia a embarrarse de mierda. Como dijera el cl\u00e1sico de Calder\u00f3n, \u201chaiga sido como haiga sido\u201d, no debieron dejar que el interno se \u201caventara\u201d a la calabaza.<\/p>\n\n\n\n<p><strong>NOTA PARA PEGAR EN EL REFRI: <\/strong>Dicen los que saben que todo el fondo de los jaloneos en el PAN de Veracruz y que tratan de llevar al Comit\u00e9 Ejecutivo Nacional del blanquiazul, es que el exgobernador Miguel \u00c1ngel Yunes Linares estar\u00eda buscando que le den una diputaci\u00f3n federal plurinominal y repetir el esquema de Dante Delgado: seguir viviendo de la pol\u00edtica hasta donde pueda.<\/p>\n\n\n\n<p><strong>OTRA NOTA: <\/strong>Que sorprende c\u00f3mo anda de movida la exalcaldesa de Veracruz, Carolina Gudi\u00f1o, quien recientemente regres\u00f3 a los escenarios pol\u00edticos y se le ha visto inclusive en Xalapa, donde este domingo se reuni\u00f3 con un grupo de empresarios jarochos y otras huestes del PRI en el Fraccionamiento Montenarc\u2026 Digo, Montemagno.<\/p>\n\n\n\n<p><strong>LA \u00daLTIMA PORQUE TOCA CUIDAR A LA JACKIE:<\/strong> La falacia de los alcaldes de Xalapa: que ninguno ha sido gobernador y eso forma parte de una &#8220;estad\u00edstica&#8221;\u2026 Una revisada a los gobernadores desde Miguel Alem\u00e1n y se dar\u00e1n cuenta que ninguno ha sido alcalde. El \u00fanico del que se tiene registro (si no me falla mi informante de Historia) fue Juan de la Luz Enr\u00edquez\u2026 \u00bfM\u00e1s recientes? Cuitl\u00e1huac, diputado federal; Yunes, diputado federal; Javid\u00fa, dipu federal; T\u00edo Fide, senador; T\u00edo Micky, senador; Chirinos Calero, recomendado de Salinas (se dec\u00eda que el candidato era Demetrio Ruiz Malerva); Dante, interino; Guti\u00e9rrez Barrios, nom\u00e1s por ser leyenda, pero nunca fue alcalde; Acosta Lagunes (el mejor, seg\u00fan yo) proveniente de la Secretar\u00eda de Hacienda; Hern\u00e1ndez Ochoa, diputado federal; Rafael Murillo Vidal fue alcalde interino de Orizaba por dos a\u00f1os, pero fue nombrado candidato a la gubernatura cuando era diputado federal; L\u00f3pez Arias, procurador general de la rep\u00fablica; Quirasco, magistrado; Mu\u00f1oz Turnbull, funcionario federal; \u00c1ngel Carvajal, funcionario federal y ministro; Ruiz Cortines (el jefe m\u00e1ximo de la austeridad), funcionario federal cercano a Miguel Alem\u00e1n; de Cerd\u00e1n Lara no hay mucha referencia; Casas Alem\u00e1n, gober substituto; y Miguel Alem\u00e1n Vald\u00e9s, senador, aunque originalmente el candidato a la gubernatura era Manlio Fabio Altamirano, quien fue asesinado en el Caf\u00e9 Tacuba de la Ciudad de M\u00e9xico\u2026 Quiz\u00e1s Ricardo Ahued se pueda convertir en gobernador siendo el primer alcalde de Xalapa y senador con licencia, porque son otros tiempos y porque la mayor\u00eda de los exgobernadores eran designados bajo el esquema del viejo priato que decid\u00eda bas\u00e1ndose en el centralismo de los cargos federales y la cercan\u00eda con el mandatario nacional en turno. Xalapa es una ciudad que puede servir como plataforma y si no me creen, preg\u00fantele a &#8220;Miguel Chiquito&#8221; por qu\u00e9 est\u00e1 jode-y-jode que quiere la alcald\u00eda de Veracruz.<\/p>\n\n\n\n<p><strong>@pablojair<\/strong><\/p>\n","protected":false},"excerpt":{"rendered":"<p>\u00bfYunes busca una plurinominal? Vieron a la Gudi\u00f1o en Montemagno. La falacia de los alcaldes de Xalapa. Megapedote de Alicia Villarreal en Pacho.Deben estar rezando que no se les muera el interno.&#8211;Chopenjawer Ahora se sabe que lo acontecido el pasado lunes en el penal de Pacho Viejo, en Coatepec, fue un acto inhumano y muy [&hellip;]<\/p>\n","protected":false},"author":1,"featured_media":488,"comment_status":"open","ping_status":"open","sticky":false,"template":"","format":"standard","meta":{"_jetpack_memberships_contains_paid_content":false,"footnotes":""},"categories":[11],"tags":[],"class_list":["post-10272","post","type-post","status-publish","format-standard","has-post-thumbnail","hentry","category-opinion"],"jetpack_featured_media_url":"https:\/\/encuentroinformativo.com.mx\/wp-content\/uploads\/2020\/03\/F471F608-BA1A-416B-BA7B-BCFB24F4E6D0.jpeg","jetpack_sharing_enabled":true,"jetpack_likes_enabled":true,"amp_enabled":true,"_links":{"self":[{"href":"https:\/\/encuentroinformativo.com.mx\/index.php?rest_route=\/wp\/v2\/posts\/10272","targetHints":{"allow":["GET"]}}],"collection":[{"href":"https:\/\/encuentroinformativo.com.mx\/index.php?rest_route=\/wp\/v2\/posts"}],"about":[{"href":"https:\/\/encuentroinformativo.com.mx\/index.php?rest_route=\/wp\/v2\/types\/post"}],"author":[{"embeddable":true,"href":"https:\/\/encuentroinformativo.com.mx\/index.php?rest_route=\/wp\/v2\/users\/1"}],"replies":[{"embeddable":true,"href":"https:\/\/encuentroinformativo.com.mx\/index.php?rest_route=%2Fwp%2Fv2%2Fcomments&post=10272"}],"version-history":[{"count":1,"href":"https:\/\/encuentroinformativo.com.mx\/index.php?rest_route=\/wp\/v2\/posts\/10272\/revisions"}],"predecessor-version":[{"id":10273,"href":"https:\/\/encuentroinformativo.com.mx\/index.php?rest_route=\/wp\/v2\/posts\/10272\/revisions\/10273"}],"wp:featuredmedia":[{"embeddable":true,"href":"https:\/\/encuentroinformativo.com.mx\/index.php?rest_route=\/wp\/v2\/media\/488"}],"wp:attachment":[{"href":"https:\/\/encuentroinformativo.com.mx\/index.php?rest_route=%2Fwp%2Fv2%2Fmedia&parent=10272"}],"wp:term":[{"taxonomy":"category","embeddable":true,"href":"https:\/\/encuentroinformativo.com.mx\/index.php?rest_route=%2Fwp%2Fv2%2Fcategories&post=10272"},{"taxonomy":"post_tag","embeddable":true,"href":"https:\/\/encuentroinformativo.com.mx\/index.php?rest_route=%2Fwp%2Fv2%2Ftags&post=10272"}],"curies":[{"name":"wp","href":"https:\/\/api.w.org\/{rel}","templated":true}]}}