{"id":10274,"date":"2021-01-20T10:06:07","date_gmt":"2021-01-20T16:06:07","guid":{"rendered":"https:\/\/encuentroinformativo.com.mx\/?p=10274"},"modified":"2021-01-20T10:06:10","modified_gmt":"2021-01-20T16:06:10","slug":"centro-de-salud-en-medellin-de-bravo-lleva-mas-de-dos-meses-sin-agua","status":"publish","type":"post","link":"https:\/\/encuentroinformativo.com.mx\/?p=10274","title":{"rendered":"Centro de Salud en Medell\u00edn de Bravo,  lleva m\u00e1s de dos meses sin agua"},"content":{"rendered":"\n<p><strong>Alejandro \u00c1vila<\/strong><\/p>\n\n\n\n<p>Medell\u00edn de Bravo, Ver.- El Centro de Salud ubicado en la avenida Independencia en la localidad de El Tejar, municipio de Medell\u00edn de Bravo, tiene m\u00e1s de dos meses sin el servicio de agua potable, situaci\u00f3n que complica su labor, sobre todo en bajo la situaci\u00f3n de contingencia sanitaria que se vive en el Estado de Veracruz.<\/p>\n\n\n\n<p>Fue el 9 de diciembre del 2020 cuando se dej\u00f3 de abastecer del servicio de agua potable al servicio m\u00e9dico de primer nivel, tambi\u00e9n sufren de este problema, la escuela secundaria Heroes de Veracruz y varias casas y comercios ubicados en la acera de enfrente, de la colonia Obrera Campesina.<\/p>\n\n\n\n<p>Seg\u00fan relatan algunos afectados, un vecino de la colonia Obrera Campesina realizaba una remodelaci\u00f3n a su vivienda y en los trabajos encontr\u00f3 un ducto de Grupo MAS, este le solicit\u00f3 a la empresa privada resolver la situaci\u00f3n para poder continuar con sus trabajos, pero Grupo MAS nunca respondio sus peticiones y el vecino clausur\u00f3 el ducto, dejando sin agua a decenas de casas, comercios y el mismo Centro de Salud.<\/p>\n\n\n\n<p>Vecinos acudieron a Grupo MAS para pedir una explicaci\u00f3n por la falta de agua y la empresa privada les dijo que ten\u00eda conocimiento del caso, pero que ahora se tendr\u00edan que conectar a otra toma, una que se encuentra a 60 metros aproximadamente de la zona afectada.<\/p>\n\n\n\n<p>Grupo MAS se comprometio con todos los afectados, hace semanas, a realizar un levantamiento de los da\u00f1os y dar un presupuesto para la reparaci\u00f3n de la falla, aclarandoles que cada uno de los afectados tendr\u00e1n que pagar una parte de la obra.<\/p>\n\n\n\n<p>&#8220;Hasta el momento seguimos esperando esa brigada, que supuestamente debio haber venido el d\u00eda 14 (de diciembre del 2020), nunca lleg\u00f3&#8221;, se\u00f1al\u00f3 un comerciante afectado.<\/p>\n\n\n\n<p>Los afectados consideran que existe un conflicto de intereses del Grupo MAS, pues no les habla con claridad, ya que consideran es m\u00e1s viable pagar o reparar solo 10 metros de la tuber\u00eda que se rompio o se tap\u00f3, en la calle Ferrocarriles, a pagar 60 metros de tuber\u00eda, romper el cemento hidraulico en la avenida Independencia y ocasionar un caos vial en la calle principal de la localidad.<\/p>\n\n\n\n<p>Seg\u00fan relatan los usuarios, el Centro de Salud da atenci\u00f3n a casi 30 personas al d\u00eda, no hay agua en los ba\u00f1os, se dificulta la limpieza de instrumentos e incluso, con esta situaci\u00f3n, los cuidados sanitarios que deben cumplirse por la contingencia, quedan totalmente nulos.<\/p>\n\n\n\n<p>Asociaciones Civiles y el Ayuntamiento de Medell\u00edn de Bravo, han llevado en algunas ocasiones pipas de agua para llenar los tinacos del Centro de Salud, pero apenas y alcanza para unos d\u00edas, por lo que urge que se arregle el servicio de agua corriente y potable para toda la zona afectada.<\/p>\n\n\n\n<figure class=\"wp-block-image size-large\"><img loading=\"lazy\" decoding=\"async\" width=\"1024\" height=\"576\" src=\"https:\/\/encuentroinformativo.com.mx\/wp-content\/uploads\/2021\/01\/BF6B36C5-0309-4FA0-B3D7-33079109F86B-1024x576.jpeg\" alt=\"\" class=\"wp-image-10276\" srcset=\"https:\/\/encuentroinformativo.com.mx\/wp-content\/uploads\/2021\/01\/BF6B36C5-0309-4FA0-B3D7-33079109F86B-1024x576.jpeg 1024w, https:\/\/encuentroinformativo.com.mx\/wp-content\/uploads\/2021\/01\/BF6B36C5-0309-4FA0-B3D7-33079109F86B-300x169.jpeg 300w, https:\/\/encuentroinformativo.com.mx\/wp-content\/uploads\/2021\/01\/BF6B36C5-0309-4FA0-B3D7-33079109F86B-768x432.jpeg 768w, https:\/\/encuentroinformativo.com.mx\/wp-content\/uploads\/2021\/01\/BF6B36C5-0309-4FA0-B3D7-33079109F86B.jpeg 1152w\" sizes=\"auto, (max-width: 1024px) 100vw, 1024px\" \/><\/figure>\n","protected":false},"excerpt":{"rendered":"<p>Alejandro \u00c1vila Medell\u00edn de Bravo, Ver.- El Centro de Salud ubicado en la avenida Independencia en la localidad de El Tejar, municipio de Medell\u00edn de Bravo, tiene m\u00e1s de dos meses sin el servicio de agua potable, situaci\u00f3n que complica su labor, sobre todo en bajo la situaci\u00f3n de contingencia sanitaria que se vive en [&hellip;]<\/p>\n","protected":false},"author":1,"featured_media":10275,"comment_status":"open","ping_status":"open","sticky":false,"template":"","format":"standard","meta":{"_jetpack_memberships_contains_paid_content":false,"footnotes":""},"categories":[9],"tags":[],"class_list":["post-10274","post","type-post","status-publish","format-standard","has-post-thumbnail","hentry","category-salud"],"jetpack_featured_media_url":"https:\/\/encuentroinformativo.com.mx\/wp-content\/uploads\/2021\/01\/94B00617-1E12-4D94-837B-168DB0441AD5.jpeg","jetpack_sharing_enabled":true,"jetpack_likes_enabled":true,"amp_enabled":true,"_links":{"self":[{"href":"https:\/\/encuentroinformativo.com.mx\/index.php?rest_route=\/wp\/v2\/posts\/10274","targetHints":{"allow":["GET"]}}],"collection":[{"href":"https:\/\/encuentroinformativo.com.mx\/index.php?rest_route=\/wp\/v2\/posts"}],"about":[{"href":"https:\/\/encuentroinformativo.com.mx\/index.php?rest_route=\/wp\/v2\/types\/post"}],"author":[{"embeddable":true,"href":"https:\/\/encuentroinformativo.com.mx\/index.php?rest_route=\/wp\/v2\/users\/1"}],"replies":[{"embeddable":true,"href":"https:\/\/encuentroinformativo.com.mx\/index.php?rest_route=%2Fwp%2Fv2%2Fcomments&post=10274"}],"version-history":[{"count":1,"href":"https:\/\/encuentroinformativo.com.mx\/index.php?rest_route=\/wp\/v2\/posts\/10274\/revisions"}],"predecessor-version":[{"id":10277,"href":"https:\/\/encuentroinformativo.com.mx\/index.php?rest_route=\/wp\/v2\/posts\/10274\/revisions\/10277"}],"wp:featuredmedia":[{"embeddable":true,"href":"https:\/\/encuentroinformativo.com.mx\/index.php?rest_route=\/wp\/v2\/media\/10275"}],"wp:attachment":[{"href":"https:\/\/encuentroinformativo.com.mx\/index.php?rest_route=%2Fwp%2Fv2%2Fmedia&parent=10274"}],"wp:term":[{"taxonomy":"category","embeddable":true,"href":"https:\/\/encuentroinformativo.com.mx\/index.php?rest_route=%2Fwp%2Fv2%2Fcategories&post=10274"},{"taxonomy":"post_tag","embeddable":true,"href":"https:\/\/encuentroinformativo.com.mx\/index.php?rest_route=%2Fwp%2Fv2%2Ftags&post=10274"}],"curies":[{"name":"wp","href":"https:\/\/api.w.org\/{rel}","templated":true}]}}