{"id":10284,"date":"2021-01-20T14:32:52","date_gmt":"2021-01-20T20:32:52","guid":{"rendered":"https:\/\/encuentroinformativo.com.mx\/?p=10284"},"modified":"2021-01-20T14:32:54","modified_gmt":"2021-01-20T20:32:54","slug":"disminuyo-robo-a-transporte-de-carga-segun-canacar","status":"publish","type":"post","link":"https:\/\/encuentroinformativo.com.mx\/?p=10284","title":{"rendered":"Disminuy\u00f3 robo a transporte de carga, seg\u00fan Canacar"},"content":{"rendered":"\n<p><strong>Dar\u00edo Pale <\/strong><\/p>\n\n\n\n<p>Xalapa, Ver.- No\u00e9 Romero Huerta,\u00a0representante legal de la Asociaci\u00f3n Nacional de Abarroteros Mayoristas a nivel nacional,\u00a0e integrantes de la C\u00e1mara Nacional de la Industria de Aceites, Grasas, Jabones y Detergentes (CANAJAD), dieron a conocer que el\u00a0robo al transporte de carga en el Estado en 2019 registr\u00f3 cifras &#8220;catastr\u00f3ficas&#8221;, sin embargo, el a\u00f1o pasado ya tuvo una reducci\u00f3n del 50 por ciento de esos delitos.<\/p>\n\n\n\n<p>Despu\u00e9s de una reuni\u00f3n\u00a0con el secretario de Seguridad P\u00fablica, Hugo Guti\u00e9rrez Maldonado, con quien hablaron sobre \u00e9ste tema que les preocupa\u00a0que,\u00a0&#8220;el robo al transporte en el estado de Veracruz en el 2019 tra\u00eda unas cifras catastr\u00f3ficas. En el 2020, con el apoyo del Capit\u00e1n Z\u00fa\u00f1iga, con el conocimiento del Secretario y la fuerza de todo el estado, se ha reducido en un 50 por ciento la incidencia delictiva encaminada al robo de transporte&#8221;.<\/p>\n\n\n\n<p>El robo al transporte de carga se ha registrado principalmente en la zona sur del estado, en municipios como Tres Valles, donde se han focalizado las acciones para inhibirlo.\u00a0<br>Benito Requejo Guti\u00e9rrez, representante de este sector comercial a nivel estatal conf\u00edo en que a finales de este 2021 baje a\u00fan m\u00e1s la incidencia de este delito, para lo que reiter\u00f3 el apoyo de la iniciativa privada con las autoridades de Seguridad.<\/p>\n\n\n\n<p>Juan Manuel Jim\u00e9nez Contreras, representante legal de la C\u00e1mara Nacional del Autotransporte de Carga (CANACAR) y de la f\u00e1brica de jab\u00f3n La Corona subray\u00f3 que continuar\u00e1n los trabajos conjuntos con\u00a0la SSP en Veracruz ante su efectividad.<\/p>\n\n\n\n<p>&#8220;Son trabajos muy buenos que tiene el secretario. Hemos venido trabajando de muy buena manera con ellos para evitar el robo al transporte de carga y tren, ya que manejamos tambi\u00e9n las v\u00edas ferroviarias. Son m\u00e1s de 800 kil\u00f3metros en el territorio de Veracruz en diferentes poblados&#8221;, se\u00f1al\u00f3.<\/p>\n\n\n\n<p>Por \u00faltimo se\u00f1al\u00f3 que este tipo de reuniones ayudan\u00a0 depurar y pulir los elementos que se necesitan &#8220;para seguir trabajando de la mano&#8221;.<\/p>\n","protected":false},"excerpt":{"rendered":"<p>Dar\u00edo Pale Xalapa, Ver.- No\u00e9 Romero Huerta,\u00a0representante legal de la Asociaci\u00f3n Nacional de Abarroteros Mayoristas a nivel nacional,\u00a0e integrantes de la C\u00e1mara Nacional de la Industria de Aceites, Grasas, Jabones y Detergentes (CANAJAD), dieron a conocer que el\u00a0robo al transporte de carga en el Estado en 2019 registr\u00f3 cifras &#8220;catastr\u00f3ficas&#8221;, sin embargo, el a\u00f1o pasado [&hellip;]<\/p>\n","protected":false},"author":1,"featured_media":10285,"comment_status":"open","ping_status":"open","sticky":false,"template":"","format":"standard","meta":{"_jetpack_memberships_contains_paid_content":false,"footnotes":""},"categories":[2],"tags":[],"class_list":["post-10284","post","type-post","status-publish","format-standard","has-post-thumbnail","hentry","category-estado"],"jetpack_featured_media_url":"https:\/\/encuentroinformativo.com.mx\/wp-content\/uploads\/2021\/01\/D80DE59D-B1AA-4F5F-A6E9-1A662701F91B.jpeg","jetpack_sharing_enabled":true,"jetpack_likes_enabled":true,"amp_enabled":true,"_links":{"self":[{"href":"https:\/\/encuentroinformativo.com.mx\/index.php?rest_route=\/wp\/v2\/posts\/10284","targetHints":{"allow":["GET"]}}],"collection":[{"href":"https:\/\/encuentroinformativo.com.mx\/index.php?rest_route=\/wp\/v2\/posts"}],"about":[{"href":"https:\/\/encuentroinformativo.com.mx\/index.php?rest_route=\/wp\/v2\/types\/post"}],"author":[{"embeddable":true,"href":"https:\/\/encuentroinformativo.com.mx\/index.php?rest_route=\/wp\/v2\/users\/1"}],"replies":[{"embeddable":true,"href":"https:\/\/encuentroinformativo.com.mx\/index.php?rest_route=%2Fwp%2Fv2%2Fcomments&post=10284"}],"version-history":[{"count":1,"href":"https:\/\/encuentroinformativo.com.mx\/index.php?rest_route=\/wp\/v2\/posts\/10284\/revisions"}],"predecessor-version":[{"id":10286,"href":"https:\/\/encuentroinformativo.com.mx\/index.php?rest_route=\/wp\/v2\/posts\/10284\/revisions\/10286"}],"wp:featuredmedia":[{"embeddable":true,"href":"https:\/\/encuentroinformativo.com.mx\/index.php?rest_route=\/wp\/v2\/media\/10285"}],"wp:attachment":[{"href":"https:\/\/encuentroinformativo.com.mx\/index.php?rest_route=%2Fwp%2Fv2%2Fmedia&parent=10284"}],"wp:term":[{"taxonomy":"category","embeddable":true,"href":"https:\/\/encuentroinformativo.com.mx\/index.php?rest_route=%2Fwp%2Fv2%2Fcategories&post=10284"},{"taxonomy":"post_tag","embeddable":true,"href":"https:\/\/encuentroinformativo.com.mx\/index.php?rest_route=%2Fwp%2Fv2%2Ftags&post=10284"}],"curies":[{"name":"wp","href":"https:\/\/api.w.org\/{rel}","templated":true}]}}