{"id":10287,"date":"2021-01-20T15:01:45","date_gmt":"2021-01-20T21:01:45","guid":{"rendered":"https:\/\/encuentroinformativo.com.mx\/?p=10287"},"modified":"2021-01-20T15:01:47","modified_gmt":"2021-01-20T21:01:47","slug":"incongruente-no-destinar-recursos-para-fiscalia-de-feminicidios-diputada","status":"publish","type":"post","link":"https:\/\/encuentroinformativo.com.mx\/?p=10287","title":{"rendered":"Incongruente no destinar recursos para Fiscal\u00eda de Feminicidios: Diputada"},"content":{"rendered":"\n<p><strong>Alejandro \u00c1vila<\/strong><\/p>\n\n\n\n<p>Veracruz, Ver.- Con la realidad que se vive en la entidad veracruzana, resulta incongruente que no se haya asignado un recurso en 2021 para la creaci\u00f3n de Fiscal\u00edas Especializadas en Feminicidios, critic\u00f3 la diputada local, Ivonne Trujillo Ortiz.<\/p>\n\n\n\n<p>La presidenta de la comisi\u00f3n de Equidad de G\u00e9nero en el Congreso Local, enfatiz\u00f3 que Veracruz es foco rojo en estos casos, ya que se encuentra el segundo lugar a nivel nacional en materia de feminicidios; adem\u00e1s de que existen dos Alertas de G\u00e9nero que no est\u00e1n siendo atendidas por el Gobierno del Estado.<\/p>\n\n\n\n<p>\u201cEs de suma importancia contar con fiscal\u00edas especializadas para la investigaci\u00f3n y persecuci\u00f3n exclusiva de los delitos de violencia de g\u00e9nero, (\u2026) exigimos que existiera un presupuesto paritario que permitiera acceder a recursos econ\u00f3micos que pudieran concretar pol\u00edticas p\u00fablicas a favor de las mujeres\u201d, asest\u00f3 en entrevista.<\/p>\n\n\n\n<p>En ese sentido, expuso que lamentablemente, la actual legislatura no ha estado a la altura de la emergencia nacional que representa le violencia hacia las mujeres, donde Veracruz ocupa uno de los deshonrosos primeros lugares.<\/p>\n\n\n\n<p>Por si fuera poco, acus\u00f3 que todo esto, es la consecuencias de no tomar en cuenta a las diputadas para crear un presupuesto con perspectiva de g\u00e9nero.<\/p>\n\n\n\n<p>Es de recordar que, hace unos d\u00eda, la misma Fiscal General del Estado de Veracruz, Ver\u00f3nica Hern\u00e1ndez Giad\u00e1ns reconoci\u00f3 la incapacidad de la dependencia a su cargo para cumplir con esta obligaci\u00f3n ante la falta de recursos.<\/p>\n","protected":false},"excerpt":{"rendered":"<p>Alejandro \u00c1vila Veracruz, Ver.- Con la realidad que se vive en la entidad veracruzana, resulta incongruente que no se haya asignado un recurso en 2021 para la creaci\u00f3n de Fiscal\u00edas Especializadas en Feminicidios, critic\u00f3 la diputada local, Ivonne Trujillo Ortiz. La presidenta de la comisi\u00f3n de Equidad de G\u00e9nero en el Congreso Local, enfatiz\u00f3 que [&hellip;]<\/p>\n","protected":false},"author":1,"featured_media":10288,"comment_status":"open","ping_status":"open","sticky":false,"template":"","format":"standard","meta":{"_jetpack_memberships_contains_paid_content":false,"footnotes":""},"categories":[2],"tags":[],"class_list":["post-10287","post","type-post","status-publish","format-standard","has-post-thumbnail","hentry","category-estado"],"jetpack_featured_media_url":"https:\/\/encuentroinformativo.com.mx\/wp-content\/uploads\/2021\/01\/3168528A-89AC-4975-8162-E1CB9E66637B.jpeg","jetpack_sharing_enabled":true,"jetpack_likes_enabled":true,"amp_enabled":true,"_links":{"self":[{"href":"https:\/\/encuentroinformativo.com.mx\/index.php?rest_route=\/wp\/v2\/posts\/10287","targetHints":{"allow":["GET"]}}],"collection":[{"href":"https:\/\/encuentroinformativo.com.mx\/index.php?rest_route=\/wp\/v2\/posts"}],"about":[{"href":"https:\/\/encuentroinformativo.com.mx\/index.php?rest_route=\/wp\/v2\/types\/post"}],"author":[{"embeddable":true,"href":"https:\/\/encuentroinformativo.com.mx\/index.php?rest_route=\/wp\/v2\/users\/1"}],"replies":[{"embeddable":true,"href":"https:\/\/encuentroinformativo.com.mx\/index.php?rest_route=%2Fwp%2Fv2%2Fcomments&post=10287"}],"version-history":[{"count":1,"href":"https:\/\/encuentroinformativo.com.mx\/index.php?rest_route=\/wp\/v2\/posts\/10287\/revisions"}],"predecessor-version":[{"id":10289,"href":"https:\/\/encuentroinformativo.com.mx\/index.php?rest_route=\/wp\/v2\/posts\/10287\/revisions\/10289"}],"wp:featuredmedia":[{"embeddable":true,"href":"https:\/\/encuentroinformativo.com.mx\/index.php?rest_route=\/wp\/v2\/media\/10288"}],"wp:attachment":[{"href":"https:\/\/encuentroinformativo.com.mx\/index.php?rest_route=%2Fwp%2Fv2%2Fmedia&parent=10287"}],"wp:term":[{"taxonomy":"category","embeddable":true,"href":"https:\/\/encuentroinformativo.com.mx\/index.php?rest_route=%2Fwp%2Fv2%2Fcategories&post=10287"},{"taxonomy":"post_tag","embeddable":true,"href":"https:\/\/encuentroinformativo.com.mx\/index.php?rest_route=%2Fwp%2Fv2%2Ftags&post=10287"}],"curies":[{"name":"wp","href":"https:\/\/api.w.org\/{rel}","templated":true}]}}