{"id":10293,"date":"2021-01-20T15:14:37","date_gmt":"2021-01-20T21:14:37","guid":{"rendered":"https:\/\/encuentroinformativo.com.mx\/?p=10293"},"modified":"2021-01-20T15:14:40","modified_gmt":"2021-01-20T21:14:40","slug":"identificado-agresor-de-cajeras-en-tienda-de-autoservicio","status":"publish","type":"post","link":"https:\/\/encuentroinformativo.com.mx\/?p=10293","title":{"rendered":"Identificado agresor de cajeras en tienda de autoservicio"},"content":{"rendered":"\n<p><strong>Alejandro \u00c1vila<\/strong><\/p>\n\n\n\n<p>Veracruz, Ver.- Cornelio A.P. vecino de la Unidad Habitacional &#8220;Los Volcanes&#8221; en el municipio de Veracruz, fue identificado como uno de los sujetos que golpeo a dos empleadas, amenaz\u00f3 con arma de fuego y rob\u00f3 una tienda de autoservicio.<\/p>\n\n\n\n<p>El pasado 10 de enero, dos personas se ingresaron a una tienda <em>Yepas<\/em> de la colonia antes mencionada, pero sin las medidas sanitarias adecuadas, las cajeras le pidieron a ambas personas colocarse un cubrebocas para poder ser atendidos, situaci\u00f3n que enfureci\u00f3 a los sujetos y tras cachetear a las trabajadoras, las amenazaron con arma de fuego y robaron el lugar.<\/p>\n\n\n\n<p>Todo esto qued\u00f3 registrado en las c\u00e1maras de vigilancia del comercio y se hizo viral en redes sociales, por lo que ciudadanos molestos por la acci\u00f3n de los infractores, identificaron a uno de los agresores e interpusieron una denuncia penal.<\/p>\n\n\n\n<p>En aquella ocasi\u00f3n, adem\u00e1s de la amenaza y golpes a los empleados de la tienda Yepas, tambi\u00e9n hurtaron botellas de alcohol, hielos y agua mineral, escapando con total impunidad.<\/p>\n\n\n\n<p>La Fiscal\u00eda Regional se encuentra realizando las investigaciones pertinentes para dar con este sujeto y su complice, a quienes se les pondr\u00e1 a disposici\u00f3n del Ministerio P\u00fablico para la responsabilidad que les pueda resultar.<\/p>\n","protected":false},"excerpt":{"rendered":"<p>Alejandro \u00c1vila Veracruz, Ver.- Cornelio A.P. vecino de la Unidad Habitacional &#8220;Los Volcanes&#8221; en el municipio de Veracruz, fue identificado como uno de los sujetos que golpeo a dos empleadas, amenaz\u00f3 con arma de fuego y rob\u00f3 una tienda de autoservicio. El pasado 10 de enero, dos personas se ingresaron a una tienda Yepas de [&hellip;]<\/p>\n","protected":false},"author":1,"featured_media":10294,"comment_status":"open","ping_status":"open","sticky":false,"template":"","format":"standard","meta":{"_jetpack_memberships_contains_paid_content":false,"footnotes":""},"categories":[14],"tags":[],"class_list":["post-10293","post","type-post","status-publish","format-standard","has-post-thumbnail","hentry","category-policiaca"],"jetpack_featured_media_url":"https:\/\/encuentroinformativo.com.mx\/wp-content\/uploads\/2021\/01\/133D205C-0C7D-4096-812D-59A1B6C80EC1.jpeg","jetpack_sharing_enabled":true,"jetpack_likes_enabled":true,"amp_enabled":true,"_links":{"self":[{"href":"https:\/\/encuentroinformativo.com.mx\/index.php?rest_route=\/wp\/v2\/posts\/10293","targetHints":{"allow":["GET"]}}],"collection":[{"href":"https:\/\/encuentroinformativo.com.mx\/index.php?rest_route=\/wp\/v2\/posts"}],"about":[{"href":"https:\/\/encuentroinformativo.com.mx\/index.php?rest_route=\/wp\/v2\/types\/post"}],"author":[{"embeddable":true,"href":"https:\/\/encuentroinformativo.com.mx\/index.php?rest_route=\/wp\/v2\/users\/1"}],"replies":[{"embeddable":true,"href":"https:\/\/encuentroinformativo.com.mx\/index.php?rest_route=%2Fwp%2Fv2%2Fcomments&post=10293"}],"version-history":[{"count":1,"href":"https:\/\/encuentroinformativo.com.mx\/index.php?rest_route=\/wp\/v2\/posts\/10293\/revisions"}],"predecessor-version":[{"id":10295,"href":"https:\/\/encuentroinformativo.com.mx\/index.php?rest_route=\/wp\/v2\/posts\/10293\/revisions\/10295"}],"wp:featuredmedia":[{"embeddable":true,"href":"https:\/\/encuentroinformativo.com.mx\/index.php?rest_route=\/wp\/v2\/media\/10294"}],"wp:attachment":[{"href":"https:\/\/encuentroinformativo.com.mx\/index.php?rest_route=%2Fwp%2Fv2%2Fmedia&parent=10293"}],"wp:term":[{"taxonomy":"category","embeddable":true,"href":"https:\/\/encuentroinformativo.com.mx\/index.php?rest_route=%2Fwp%2Fv2%2Fcategories&post=10293"},{"taxonomy":"post_tag","embeddable":true,"href":"https:\/\/encuentroinformativo.com.mx\/index.php?rest_route=%2Fwp%2Fv2%2Ftags&post=10293"}],"curies":[{"name":"wp","href":"https:\/\/api.w.org\/{rel}","templated":true}]}}