{"id":10304,"date":"2021-01-20T16:33:44","date_gmt":"2021-01-20T22:33:44","guid":{"rendered":"https:\/\/encuentroinformativo.com.mx\/?p=10304"},"modified":"2021-01-20T16:33:46","modified_gmt":"2021-01-20T22:33:46","slug":"aumentan-conflictos-por-predios-invadidos-en-el-moral","status":"publish","type":"post","link":"https:\/\/encuentroinformativo.com.mx\/?p=10304","title":{"rendered":"Aumentan conflictos por predios invadidos en El Moral"},"content":{"rendered":"\n<p><strong>Juan Arcos <\/strong><\/p>\n\n\n\n<p>Xalapa, Ver.- El predio invadido en la colonia El Moral se ha saturado y ya no tiene capacidad, lo que ha empeorado la disputa entre darle la grupos por los espacios para tener un lugar donde vivir.<\/p>\n\n\n\n<p>De acuerdo con Bertha Hern\u00e1ndez Hern\u00e1ndez, representante de la asociaci\u00f3n &#8220;Construyendo tu futuro&#8221;, algunas personas decidieron abandonar sus humildes viviendas por dicha situaci\u00f3n.<\/p>\n\n\n\n<p>La entrevistada detall\u00f3 que el predio tiene una capacidad para 752 familias; sin embargo, en este momento hay m\u00e1s de mil.<\/p>\n\n\n\n<p>\u201cEl predio est\u00e1 saturad\u00edsimo y mucha gente est\u00e1 inconforme porque se tienen que ir desafortunadamente aunque nosotros no quisi\u00e9ramos se tienen que ir\u201d, expres\u00f3.<\/p>\n\n\n\n<p>La representante mencion\u00f3 que se trabaja con autoridades estatales para la regularizaci\u00f3n del predio de 14 hect\u00e1reas, localizado en la periferia de esta ciudad.<\/p>\n\n\n\n<p>En ese sentido, indic\u00f3 que se debe trabajar y avanzar con los planos, las cartas de no afectaci\u00f3n, licencias de Desarrollo Urbano y el cambio de uso de suelo.<\/p>\n\n\n\n<p>Bertha Hern\u00e1ndez asegur\u00f3 que el plano ya ha sido autorizado por las instancias correspondientes; sin embargo, la disputa por los terrenos ha crecido en los \u00faltimos meses.<\/p>\n","protected":false},"excerpt":{"rendered":"<p>Juan Arcos Xalapa, Ver.- El predio invadido en la colonia El Moral se ha saturado y ya no tiene capacidad, lo que ha empeorado la disputa entre darle la grupos por los espacios para tener un lugar donde vivir. De acuerdo con Bertha Hern\u00e1ndez Hern\u00e1ndez, representante de la asociaci\u00f3n &#8220;Construyendo tu futuro&#8221;, algunas personas decidieron [&hellip;]<\/p>\n","protected":false},"author":1,"featured_media":10305,"comment_status":"open","ping_status":"open","sticky":false,"template":"","format":"standard","meta":{"_jetpack_memberships_contains_paid_content":false,"footnotes":""},"categories":[3],"tags":[],"class_list":["post-10304","post","type-post","status-publish","format-standard","has-post-thumbnail","hentry","category-xalapa"],"jetpack_featured_media_url":"https:\/\/encuentroinformativo.com.mx\/wp-content\/uploads\/2021\/01\/A6121879-D836-4324-A89C-1BC6BAB5BDFB.jpeg","jetpack_sharing_enabled":true,"jetpack_likes_enabled":true,"amp_enabled":true,"_links":{"self":[{"href":"https:\/\/encuentroinformativo.com.mx\/index.php?rest_route=\/wp\/v2\/posts\/10304","targetHints":{"allow":["GET"]}}],"collection":[{"href":"https:\/\/encuentroinformativo.com.mx\/index.php?rest_route=\/wp\/v2\/posts"}],"about":[{"href":"https:\/\/encuentroinformativo.com.mx\/index.php?rest_route=\/wp\/v2\/types\/post"}],"author":[{"embeddable":true,"href":"https:\/\/encuentroinformativo.com.mx\/index.php?rest_route=\/wp\/v2\/users\/1"}],"replies":[{"embeddable":true,"href":"https:\/\/encuentroinformativo.com.mx\/index.php?rest_route=%2Fwp%2Fv2%2Fcomments&post=10304"}],"version-history":[{"count":1,"href":"https:\/\/encuentroinformativo.com.mx\/index.php?rest_route=\/wp\/v2\/posts\/10304\/revisions"}],"predecessor-version":[{"id":10306,"href":"https:\/\/encuentroinformativo.com.mx\/index.php?rest_route=\/wp\/v2\/posts\/10304\/revisions\/10306"}],"wp:featuredmedia":[{"embeddable":true,"href":"https:\/\/encuentroinformativo.com.mx\/index.php?rest_route=\/wp\/v2\/media\/10305"}],"wp:attachment":[{"href":"https:\/\/encuentroinformativo.com.mx\/index.php?rest_route=%2Fwp%2Fv2%2Fmedia&parent=10304"}],"wp:term":[{"taxonomy":"category","embeddable":true,"href":"https:\/\/encuentroinformativo.com.mx\/index.php?rest_route=%2Fwp%2Fv2%2Fcategories&post=10304"},{"taxonomy":"post_tag","embeddable":true,"href":"https:\/\/encuentroinformativo.com.mx\/index.php?rest_route=%2Fwp%2Fv2%2Ftags&post=10304"}],"curies":[{"name":"wp","href":"https:\/\/api.w.org\/{rel}","templated":true}]}}